{"id":27133,"date":"2021-01-07T13:34:14","date_gmt":"2021-01-07T11:34:14","guid":{"rendered":"https:\/\/www.saegenvier.at\/neue-pflanze-fuer-die-saege"},"modified":"2021-01-07T13:34:14","modified_gmt":"2021-01-07T11:34:14","slug":"neue-pflanze-fuer-die-saege","status":"publish","type":"post","link":"https:\/\/www.saegenvier.at\/en\/neue-pflanze-fuer-die-saege","title":{"rendered":"Neue Pflanze f\u00fcr die S\u00e4ge"},"content":{"rendered":"<p>\u00dcber das Vindex retten &#8211; Projekt durfte ich \u00fcber die Vermittlung von Eva Fahlbusch an die Familie von Roza sto\u00dfen und eine Pflanze kaufen. Diese wurde f\u00fcr die Wohnung in Bregenz zu gro\u00df und in der S\u00e4ge hat sie noch mehr H\u00f6he zum Gedeihen. Was mich besonders ber\u00fchrt &#8211; Roza &#8211; die Mutter der Familie aus Tschetschenien hatte diese Pflanze als ein paar Zentimeter hohes Gr\u00fcn von einem ihrer AuftraggeberInnen erhalten und 13 Jahre &#8211; so lange sind sie schon in Bregenz wohnhaft &#8211; gepflegt und gehegt. Jetzt darf das Gr\u00fcn in der S\u00e4ge wachsen. Und meine liebe Schw\u00e4gerin Doris H\u00e4mmerle-Lediger hat mir mit ihren gr\u00fcnen Gef\u00fchlen geholfen, die Pflanze in die S\u00e4ge zu \u00fcberf\u00fchren.<\/p>\n<p>Ein sehr sch\u00f6nes Symbol.<\/p>\n","protected":false},"excerpt":{"rendered":"<p>\u00dcber das Vindex retten &#8211; Projekt durfte ich \u00fcber die Vermittlung von Eva Fahlbusch an die Familie von Roza sto\u00dfen und eine Pflanze kaufen. Diese wurde f\u00fcr die Wohnung in Bregenz zu gro\u00df und in der S\u00e4ge hat sie noch mehr H\u00f6he zum Gedeihen. Was mich besonders ber\u00fchrt &#8211; Roza &#8211; die Mutter der Familie [&hellip;]<\/p>\n","protected":false},"author":12,"featured_media":0,"comment_status":"open","ping_status":"open","sticky":false,"template":"","format":"standard","meta":{"footnotes":""},"categories":[608],"tags":[],"class_list":["post-27133","post","type-post","status-publish","format-standard","hentry","category-around-us"],"_links":{"self":[{"href":"https:\/\/www.saegenvier.at\/en\/wp-json\/wp\/v2\/posts\/27133","targetHints":{"allow":["GET"]}}],"collection":[{"href":"https:\/\/www.saegenvier.at\/en\/wp-json\/wp\/v2\/posts"}],"about":[{"href":"https:\/\/www.saegenvier.at\/en\/wp-json\/wp\/v2\/types\/post"}],"author":[{"embeddable":true,"href":"https:\/\/www.saegenvier.at\/en\/wp-json\/wp\/v2\/users\/12"}],"replies":[{"embeddable":true,"href":"https:\/\/www.saegenvier.at\/en\/wp-json\/wp\/v2\/comments?post=27133"}],"version-history":[{"count":0,"href":"https:\/\/www.saegenvier.at\/en\/wp-json\/wp\/v2\/posts\/27133\/revisions"}],"wp:attachment":[{"href":"https:\/\/www.saegenvier.at\/en\/wp-json\/wp\/v2\/media?parent=27133"}],"wp:term":[{"taxonomy":"category","embeddable":true,"href":"https:\/\/www.saegenvier.at\/en\/wp-json\/wp\/v2\/categories?post=27133"},{"taxonomy":"post_tag","embeddable":true,"href":"https:\/\/www.saegenvier.at\/en\/wp-json\/wp\/v2\/tags?post=27133"}],"curies":[{"name":"wp","href":"https:\/\/api.w.org\/{rel}","templated":true}]}}