{"id":27144,"date":"2020-12-16T18:58:48","date_gmt":"2020-12-16T16:58:48","guid":{"rendered":"https:\/\/www.saegenvier.at\/das-morgen-corporate-design-und-website"},"modified":"2020-12-16T18:58:48","modified_gmt":"2020-12-16T16:58:48","slug":"das-morgen-corporate-design-und-website","status":"publish","type":"post","link":"https:\/\/www.saegenvier.at\/en\/das-morgen-corporate-design-und-website","title":{"rendered":"Das Morgen Corporate Design und Website"},"content":{"rendered":"<p>\u00dcber Johannes Kraus &#8211; Archipel Architekten in Wien sind wir \u00fcber einen Wettbewerb zu dieser Beauftragung gekommen. Ein wirklich herausragendes Projekt und ein geheimnissvolles und vielversprechendes Hotelkonzept haben wir die Marke &#8220;Das Morgen&#8221; kreiiert. Unsere Idee der Logotpype &#8211; n\u00e4mlich das O des DAS M RGEN in die Weite der Vision zu f\u00fchren , hat alles weitere generiert. Da es das reale Hotel zwar im Rohbau und in der Verortung schon gibt, wir aber davor bereits einige innovative Erwartungshaltungen visualisieren mussten f\u00fcr die Bewerbung vor der Realisierung, hat uns zu Andrea de Santis &#8211; ein international anerkannter Illustrator &#8211; gebracht &#8211; er hat uns das Narrativ und die Vision des v\u00f6llig neuen Hotelkonzeptes in fantasievollste Bilder \u00fcbersetzt. Elias Riedmann hat mir mir das Logo entworfen, Birgit Kappler hat sich dann um die weiteren Schritte der Erscheinung gek\u00fcmmert. Die weiteren finalen Schritte werden wir mit all den NutzeriInnen und Beteiligten in den finalen Erfolg f\u00fchren. Die Programmierung und weit dar\u00fcber hinaus &#8211; den Worldweiten Output auf der Website &#8211; dies hat die Firma &#8230; umgesetzt. Und nicht zuletzt danke an Martina Anderberg, die uns allen geholfen hat, die Dinge und L\u00f6sungen ins Ziel zu hieven. DANKE an alle.<\/p>\n<p><iframe loading=\"lazy\" src=\"https:\/\/player.vimeo.com\/video\/490676280\" width=\"640\" height=\"422\" frameborder=\"0\" allowfullscreen=\"allowfullscreen\"><\/iframe><\/p>\n<p>&nbsp;<\/p>\n<p><a href=\"https:\/\/www.dasmorgen.ch\/en\/\" target=\"_blank\" rel=\"noopener\">www.dasmorgen.ch<\/a><\/p>\n<p>Zeichnung: <a href=\"https:\/\/www.adesantis.it\" target=\"_blank\" rel=\"noopener\">Andrea de Santis<\/a><\/p>\n","protected":false},"excerpt":{"rendered":"<p>\u00dcber Johannes Kraus &#8211; Archipel Architekten in Wien sind wir \u00fcber einen Wettbewerb zu dieser Beauftragung gekommen. Ein wirklich herausragendes Projekt und ein geheimnissvolles und vielversprechendes Hotelkonzept haben wir die Marke &#8220;Das Morgen&#8221; kreiiert. Unsere Idee der Logotpype &#8211; n\u00e4mlich das O des DAS M RGEN in die Weite der Vision zu f\u00fchren , hat [&hellip;]<\/p>\n","protected":false},"author":12,"featured_media":0,"comment_status":"open","ping_status":"open","sticky":false,"template":"","format":"standard","meta":{"footnotes":""},"categories":[593,594,598,592,604,609],"tags":[],"class_list":["post-27144","post","type-post","status-publish","format-standard","hentry","category-corporate-designbrand","category-designkommunikation-en","category-illustration-en","category-moving-images","category-web-en","category-work"],"_links":{"self":[{"href":"https:\/\/www.saegenvier.at\/en\/wp-json\/wp\/v2\/posts\/27144","targetHints":{"allow":["GET"]}}],"collection":[{"href":"https:\/\/www.saegenvier.at\/en\/wp-json\/wp\/v2\/posts"}],"about":[{"href":"https:\/\/www.saegenvier.at\/en\/wp-json\/wp\/v2\/types\/post"}],"author":[{"embeddable":true,"href":"https:\/\/www.saegenvier.at\/en\/wp-json\/wp\/v2\/users\/12"}],"replies":[{"embeddable":true,"href":"https:\/\/www.saegenvier.at\/en\/wp-json\/wp\/v2\/comments?post=27144"}],"version-history":[{"count":0,"href":"https:\/\/www.saegenvier.at\/en\/wp-json\/wp\/v2\/posts\/27144\/revisions"}],"wp:attachment":[{"href":"https:\/\/www.saegenvier.at\/en\/wp-json\/wp\/v2\/media?parent=27144"}],"wp:term":[{"taxonomy":"category","embeddable":true,"href":"https:\/\/www.saegenvier.at\/en\/wp-json\/wp\/v2\/categories?post=27144"},{"taxonomy":"post_tag","embeddable":true,"href":"https:\/\/www.saegenvier.at\/en\/wp-json\/wp\/v2\/tags?post=27144"}],"curies":[{"name":"wp","href":"https:\/\/api.w.org\/{rel}","templated":true}]}}