{"id":27189,"date":"2020-07-28T18:10:14","date_gmt":"2020-07-28T16:10:14","guid":{"rendered":"https:\/\/www.saegenvier.at\/pro-mente-v-jahresbericht-2019"},"modified":"2020-07-28T18:10:14","modified_gmt":"2020-07-28T16:10:14","slug":"pro-mente-v-jahresbericht-2019","status":"publish","type":"post","link":"https:\/\/www.saegenvier.at\/en\/pro-mente-v-jahresbericht-2019","title":{"rendered":"pro mente V Jahresbericht 2019"},"content":{"rendered":"<p>Ohne die vorigen Projekte zu schm\u00e4lern &#8211; aber dies ist doch einer der feinf\u00fchligsten und so wunderbar illustrierten Beitr\u00e4ge f\u00fcr unsere konzepierte Serie f\u00fcr die Jahresberichte von Pro Mente V. Danke an die Illustratorin Sonja Stangl und an unsere Lisa Fink f\u00fcr die feine Gestaltungsklinge und an Pro Mente V und das Team, das immer selber dazu hilft, damit die Beitr\u00e4ge inhaltlich so gehaltvoll und sch\u00f6n gestaltet werden d\u00fcrfen.<\/p>\n","protected":false},"excerpt":{"rendered":"<p>Ohne die vorigen Projekte zu schm\u00e4lern &#8211; aber dies ist doch einer der feinf\u00fchligsten und so wunderbar illustrierten Beitr\u00e4ge f\u00fcr unsere konzepierte Serie f\u00fcr die Jahresberichte von Pro Mente V. Danke an die Illustratorin Sonja Stangl und an unsere Lisa Fink f\u00fcr die feine Gestaltungsklinge und an Pro Mente V und das Team, das immer [&hellip;]<\/p>\n","protected":false},"author":12,"featured_media":25560,"comment_status":"open","ping_status":"open","sticky":false,"template":"","format":"standard","meta":{"footnotes":""},"categories":[594,595,598,609],"tags":[],"class_list":["post-27189","post","type-post","status-publish","format-standard","has-post-thumbnail","hentry","category-designkommunikation-en","category-editorial-en","category-illustration-en","category-work"],"_links":{"self":[{"href":"https:\/\/www.saegenvier.at\/en\/wp-json\/wp\/v2\/posts\/27189","targetHints":{"allow":["GET"]}}],"collection":[{"href":"https:\/\/www.saegenvier.at\/en\/wp-json\/wp\/v2\/posts"}],"about":[{"href":"https:\/\/www.saegenvier.at\/en\/wp-json\/wp\/v2\/types\/post"}],"author":[{"embeddable":true,"href":"https:\/\/www.saegenvier.at\/en\/wp-json\/wp\/v2\/users\/12"}],"replies":[{"embeddable":true,"href":"https:\/\/www.saegenvier.at\/en\/wp-json\/wp\/v2\/comments?post=27189"}],"version-history":[{"count":0,"href":"https:\/\/www.saegenvier.at\/en\/wp-json\/wp\/v2\/posts\/27189\/revisions"}],"wp:featuredmedia":[{"embeddable":true,"href":"https:\/\/www.saegenvier.at\/en\/wp-json\/wp\/v2\/media\/25560"}],"wp:attachment":[{"href":"https:\/\/www.saegenvier.at\/en\/wp-json\/wp\/v2\/media?parent=27189"}],"wp:term":[{"taxonomy":"category","embeddable":true,"href":"https:\/\/www.saegenvier.at\/en\/wp-json\/wp\/v2\/categories?post=27189"},{"taxonomy":"post_tag","embeddable":true,"href":"https:\/\/www.saegenvier.at\/en\/wp-json\/wp\/v2\/tags?post=27189"}],"curies":[{"name":"wp","href":"https:\/\/api.w.org\/{rel}","templated":true}]}}