{"id":27199,"date":"2020-06-09T17:33:08","date_gmt":"2020-06-09T15:33:08","guid":{"rendered":"https:\/\/www.saegenvier.at\/iiid-award-2020"},"modified":"2020-06-09T17:33:08","modified_gmt":"2020-06-09T15:33:08","slug":"iiid-award-2020","status":"publish","type":"post","link":"https:\/\/www.saegenvier.at\/en\/iiid-award-2020","title":{"rendered":"IIID Award 2020"},"content":{"rendered":"<p>Beim IIID Award &#8211; vom International Institut for Information Design 2020 wurden wir mit 3 Projekten ausgezeichnet. 2 mal Bronze und 1 mal Silber. Gratuliere allen Beteiligten. Ist eine gro\u00dfe Freude in den unwirtlichen Zeiten der C.Krise. Juhu! Danke an Elias Riedmann f\u00fcr Lustenau Rathaus und Ferdinand und Lisa Fink f\u00fcr Kinderhaus Kennelbach aus interner S\u00e4genvier-Sicht.<\/p>\n<p><a href=\"\/?p=23692\" target=\"_blank\" rel=\"noopener\">RATHAUSQUARTIER LUSTENAU &#8211; BEITRAG<\/a><\/p>\n<p><a href=\"\/?p=24155\" target=\"_blank\" rel=\"noopener\">FERDINAND &#8211; BEITRAG<\/a><\/p>\n<p><a href=\"\/?p=24321\" target=\"_blank\" rel=\"noopener\">KINDERHAUS KENNELBACH &#8211; BEITRAG<\/a><\/p>\n<p><a href=\"http:\/\/iiidaward.net\/?pg=2&amp;ft=#top\" target=\"_blank\" rel=\"noopener\">IIID Award &#8211; Web<\/a><\/p>\n","protected":false},"excerpt":{"rendered":"<p>Beim IIID Award &#8211; vom International Institut for Information Design 2020 wurden wir mit 3 Projekten ausgezeichnet. 2 mal Bronze und 1 mal Silber. Gratuliere allen Beteiligten. Ist eine gro\u00dfe Freude in den unwirtlichen Zeiten der C.Krise. Juhu! Danke an Elias Riedmann f\u00fcr Lustenau Rathaus und Ferdinand und Lisa Fink f\u00fcr Kinderhaus Kennelbach aus interner [&hellip;]<\/p>\n","protected":false},"author":12,"featured_media":25466,"comment_status":"open","ping_status":"open","sticky":false,"template":"","format":"standard","meta":{"footnotes":""},"categories":[605,607,601,609],"tags":[],"class_list":["post-27199","post","type-post","status-publish","format-standard","has-post-thumbnail","hentry","category-awards","category-publication","category-signage-scenography","category-work"],"_links":{"self":[{"href":"https:\/\/www.saegenvier.at\/en\/wp-json\/wp\/v2\/posts\/27199","targetHints":{"allow":["GET"]}}],"collection":[{"href":"https:\/\/www.saegenvier.at\/en\/wp-json\/wp\/v2\/posts"}],"about":[{"href":"https:\/\/www.saegenvier.at\/en\/wp-json\/wp\/v2\/types\/post"}],"author":[{"embeddable":true,"href":"https:\/\/www.saegenvier.at\/en\/wp-json\/wp\/v2\/users\/12"}],"replies":[{"embeddable":true,"href":"https:\/\/www.saegenvier.at\/en\/wp-json\/wp\/v2\/comments?post=27199"}],"version-history":[{"count":0,"href":"https:\/\/www.saegenvier.at\/en\/wp-json\/wp\/v2\/posts\/27199\/revisions"}],"wp:featuredmedia":[{"embeddable":true,"href":"https:\/\/www.saegenvier.at\/en\/wp-json\/wp\/v2\/media\/25466"}],"wp:attachment":[{"href":"https:\/\/www.saegenvier.at\/en\/wp-json\/wp\/v2\/media?parent=27199"}],"wp:term":[{"taxonomy":"category","embeddable":true,"href":"https:\/\/www.saegenvier.at\/en\/wp-json\/wp\/v2\/categories?post=27199"},{"taxonomy":"post_tag","embeddable":true,"href":"https:\/\/www.saegenvier.at\/en\/wp-json\/wp\/v2\/tags?post=27199"}],"curies":[{"name":"wp","href":"https:\/\/api.w.org\/{rel}","templated":true}]}}