{"id":27226,"date":"2020-01-31T22:03:17","date_gmt":"2020-01-31T20:03:17","guid":{"rendered":"https:\/\/www.saegenvier.at\/stadtbibliothek-eroeffnung-filmpremiere"},"modified":"2020-01-31T22:03:17","modified_gmt":"2020-01-31T20:03:17","slug":"stadtbibliothek-eroeffnung-filmpremiere","status":"publish","type":"post","link":"https:\/\/www.saegenvier.at\/en\/stadtbibliothek-eroeffnung-filmpremiere","title":{"rendered":"Stadtbibliothek Er\u00f6ffnung &#8211; Filmpremiere"},"content":{"rendered":"<p>Das erste Mal haben wir unseren Freund der S\u00e4ge &#8211; Marcel Alber gebeten, unsere Signaletikprojekte in bewegten Bildern festzuhalten. Dies ist \u00e4usserst gelungen und macht unsere Arbeit nachvollziehbarer und authentischer. Danke Marcel &#8211; war uns ein Vergn\u00fcgen.<\/p>\n<p><iframe loading=\"lazy\" src=\"https:\/\/player.vimeo.com\/video\/388455197\" width=\"530\" height=\"360\" frameborder=\"0\" allowfullscreen=\"allowfullscreen\"><span data-mce-type=\"bookmark\" style=\"display: inline-block; width: 0px; overflow: hidden; line-height: 0;\" class=\"mce_SELRES_start\">\ufeff<\/span><\/iframe><\/p>\n<p><a href=\"https:\/\/vimeo.com\/388455197\">Stadtbibliothek Er\u00f6ffnung\/Signaletik<\/a> from <a href=\"https:\/\/vimeo.com\/saegen4\">S\u00e4genvier<\/a> on <a href=\"https:\/\/vimeo.com\">Vimeo<\/a>.<\/p>\n","protected":false},"excerpt":{"rendered":"<p>Das erste Mal haben wir unseren Freund der S\u00e4ge &#8211; Marcel Alber gebeten, unsere Signaletikprojekte in bewegten Bildern festzuhalten. Dies ist \u00e4usserst gelungen und macht unsere Arbeit nachvollziehbarer und authentischer. Danke Marcel &#8211; war uns ein Vergn\u00fcgen. \ufeff Stadtbibliothek Er\u00f6ffnung\/Signaletik from S\u00e4genvier on Vimeo.<\/p>\n","protected":false},"author":12,"featured_media":25164,"comment_status":"open","ping_status":"open","sticky":false,"template":"","format":"standard","meta":{"footnotes":""},"categories":[593,594,601,609],"tags":[],"class_list":["post-27226","post","type-post","status-publish","format-standard","has-post-thumbnail","hentry","category-corporate-designbrand","category-designkommunikation-en","category-signage-scenography","category-work"],"_links":{"self":[{"href":"https:\/\/www.saegenvier.at\/en\/wp-json\/wp\/v2\/posts\/27226","targetHints":{"allow":["GET"]}}],"collection":[{"href":"https:\/\/www.saegenvier.at\/en\/wp-json\/wp\/v2\/posts"}],"about":[{"href":"https:\/\/www.saegenvier.at\/en\/wp-json\/wp\/v2\/types\/post"}],"author":[{"embeddable":true,"href":"https:\/\/www.saegenvier.at\/en\/wp-json\/wp\/v2\/users\/12"}],"replies":[{"embeddable":true,"href":"https:\/\/www.saegenvier.at\/en\/wp-json\/wp\/v2\/comments?post=27226"}],"version-history":[{"count":0,"href":"https:\/\/www.saegenvier.at\/en\/wp-json\/wp\/v2\/posts\/27226\/revisions"}],"wp:featuredmedia":[{"embeddable":true,"href":"https:\/\/www.saegenvier.at\/en\/wp-json\/wp\/v2\/media\/25164"}],"wp:attachment":[{"href":"https:\/\/www.saegenvier.at\/en\/wp-json\/wp\/v2\/media?parent=27226"}],"wp:term":[{"taxonomy":"category","embeddable":true,"href":"https:\/\/www.saegenvier.at\/en\/wp-json\/wp\/v2\/categories?post=27226"},{"taxonomy":"post_tag","embeddable":true,"href":"https:\/\/www.saegenvier.at\/en\/wp-json\/wp\/v2\/tags?post=27226"}],"curies":[{"name":"wp","href":"https:\/\/api.w.org\/{rel}","templated":true}]}}