{"id":27258,"date":"2019-12-16T21:40:30","date_gmt":"2019-12-16T19:40:30","guid":{"rendered":"https:\/\/www.saegenvier.at\/auer-weber-publikation"},"modified":"2019-12-16T21:40:30","modified_gmt":"2019-12-16T19:40:30","slug":"auer-weber-publikation","status":"publish","type":"post","link":"https:\/\/www.saegenvier.at\/en\/auer-weber-publikation","title":{"rendered":"Auer Weber Publikation"},"content":{"rendered":"<p>Wir d\u00fcrfen unter dem Titel &#8220;Rezepturen&#8221; eine Dokumentation bzw. ein kleines und feines Magazin f\u00fcr Auer Weber ArchitektInnen M\u00fcnchen\/Stuttgart gestalten. Es dauert noch ein wenig, da die Beitr\u00e4ge \u00fcberaus anspruchsvoll und gut sind. Aber 2020 wird die erste Ausgabe publiziert. Wir freuen uns sehr \u00fcber die M\u00f6glichkeit, Architektur und die Denke dahinter und dar\u00fcber in diese Form bringen zu d\u00fcrfen.<\/p>\n","protected":false},"excerpt":{"rendered":"<p>Wir d\u00fcrfen unter dem Titel &#8220;Rezepturen&#8221; eine Dokumentation bzw. ein kleines und feines Magazin f\u00fcr Auer Weber ArchitektInnen M\u00fcnchen\/Stuttgart gestalten. Es dauert noch ein wenig, da die Beitr\u00e4ge \u00fcberaus anspruchsvoll und gut sind. Aber 2020 wird die erste Ausgabe publiziert. Wir freuen uns sehr \u00fcber die M\u00f6glichkeit, Architektur und die Denke dahinter und dar\u00fcber in [&hellip;]<\/p>\n","protected":false},"author":12,"featured_media":24701,"comment_status":"open","ping_status":"open","sticky":false,"template":"","format":"standard","meta":{"footnotes":""},"categories":[594,595,609],"tags":[],"class_list":["post-27258","post","type-post","status-publish","format-standard","has-post-thumbnail","hentry","category-designkommunikation-en","category-editorial-en","category-work"],"_links":{"self":[{"href":"https:\/\/www.saegenvier.at\/en\/wp-json\/wp\/v2\/posts\/27258","targetHints":{"allow":["GET"]}}],"collection":[{"href":"https:\/\/www.saegenvier.at\/en\/wp-json\/wp\/v2\/posts"}],"about":[{"href":"https:\/\/www.saegenvier.at\/en\/wp-json\/wp\/v2\/types\/post"}],"author":[{"embeddable":true,"href":"https:\/\/www.saegenvier.at\/en\/wp-json\/wp\/v2\/users\/12"}],"replies":[{"embeddable":true,"href":"https:\/\/www.saegenvier.at\/en\/wp-json\/wp\/v2\/comments?post=27258"}],"version-history":[{"count":0,"href":"https:\/\/www.saegenvier.at\/en\/wp-json\/wp\/v2\/posts\/27258\/revisions"}],"wp:featuredmedia":[{"embeddable":true,"href":"https:\/\/www.saegenvier.at\/en\/wp-json\/wp\/v2\/media\/24701"}],"wp:attachment":[{"href":"https:\/\/www.saegenvier.at\/en\/wp-json\/wp\/v2\/media?parent=27258"}],"wp:term":[{"taxonomy":"category","embeddable":true,"href":"https:\/\/www.saegenvier.at\/en\/wp-json\/wp\/v2\/categories?post=27258"},{"taxonomy":"post_tag","embeddable":true,"href":"https:\/\/www.saegenvier.at\/en\/wp-json\/wp\/v2\/tags?post=27258"}],"curies":[{"name":"wp","href":"https:\/\/api.w.org\/{rel}","templated":true}]}}