{"id":27276,"date":"2019-12-12T10:47:20","date_gmt":"2019-12-12T08:47:20","guid":{"rendered":"https:\/\/www.saegenvier.at\/lustenau-gemeindeblatt"},"modified":"2019-12-12T10:47:20","modified_gmt":"2019-12-12T08:47:20","slug":"lustenau-gemeindeblatt","status":"publish","type":"post","link":"https:\/\/www.saegenvier.at\/en\/lustenau-gemeindeblatt","title":{"rendered":"Lustenau Gemeindeblatt"},"content":{"rendered":"<p>Ein bisschen reing\u00fcckseln d\u00fcrft ihr, obwohl das neue Bl\u00e4ttli erst 2020 als erste Ausgabe erscheint. Die Detailgestaltung ist in Arbeit und die Buchdruckerei Lustenau k\u00fcmmert sich um die entsprechende Umsetzung. Wir freuen uns auf die Ergebnisse und das Feedback.<\/p>\n","protected":false},"excerpt":{"rendered":"<p>Ein bisschen reing\u00fcckseln d\u00fcrft ihr, obwohl das neue Bl\u00e4ttli erst 2020 als erste Ausgabe erscheint. Die Detailgestaltung ist in Arbeit und die Buchdruckerei Lustenau k\u00fcmmert sich um die entsprechende Umsetzung. Wir freuen uns auf die Ergebnisse und das Feedback.<\/p>\n","protected":false},"author":12,"featured_media":24518,"comment_status":"open","ping_status":"open","sticky":false,"template":"","format":"standard","meta":{"footnotes":""},"categories":[595,609],"tags":[],"class_list":["post-27276","post","type-post","status-publish","format-standard","has-post-thumbnail","hentry","category-editorial-en","category-work"],"_links":{"self":[{"href":"https:\/\/www.saegenvier.at\/en\/wp-json\/wp\/v2\/posts\/27276","targetHints":{"allow":["GET"]}}],"collection":[{"href":"https:\/\/www.saegenvier.at\/en\/wp-json\/wp\/v2\/posts"}],"about":[{"href":"https:\/\/www.saegenvier.at\/en\/wp-json\/wp\/v2\/types\/post"}],"author":[{"embeddable":true,"href":"https:\/\/www.saegenvier.at\/en\/wp-json\/wp\/v2\/users\/12"}],"replies":[{"embeddable":true,"href":"https:\/\/www.saegenvier.at\/en\/wp-json\/wp\/v2\/comments?post=27276"}],"version-history":[{"count":0,"href":"https:\/\/www.saegenvier.at\/en\/wp-json\/wp\/v2\/posts\/27276\/revisions"}],"wp:featuredmedia":[{"embeddable":true,"href":"https:\/\/www.saegenvier.at\/en\/wp-json\/wp\/v2\/media\/24518"}],"wp:attachment":[{"href":"https:\/\/www.saegenvier.at\/en\/wp-json\/wp\/v2\/media?parent=27276"}],"wp:term":[{"taxonomy":"category","embeddable":true,"href":"https:\/\/www.saegenvier.at\/en\/wp-json\/wp\/v2\/categories?post=27276"},{"taxonomy":"post_tag","embeddable":true,"href":"https:\/\/www.saegenvier.at\/en\/wp-json\/wp\/v2\/tags?post=27276"}],"curies":[{"name":"wp","href":"https:\/\/api.w.org\/{rel}","templated":true}]}}