{"id":27279,"date":"2019-12-11T09:43:53","date_gmt":"2019-12-11T07:43:53","guid":{"rendered":"https:\/\/www.saegenvier.at\/axor"},"modified":"2019-12-11T09:43:53","modified_gmt":"2019-12-11T07:43:53","slug":"axor","status":"publish","type":"post","link":"https:\/\/www.saegenvier.at\/en\/axor","title":{"rendered":"AXOR"},"content":{"rendered":"<p>Seit Sommer 2019 d\u00fcrfen wir <i class=\"\">f<\/i>\u00fcr AXOR &#8211; die Designmarke der Hansgrohe Group &#8211; die Kommunikation in Bezug auf Wort und Bild mitgestalten. Das erste Projekt ist die Messe Salone del Mobile in Mailand im April 2020. Dazu gestalten wir ein neues Magazin und helfen bei der Kommunikation am Messestand, der von 1 zu 33 gestaltet wird. Auch alle weiteren Touchpoints der Kampagne werden von der S\u00e4ge gestaltet. Alle aus unserem Team waren in Schiltach, um die Markend\u00fcfte einzuatmen und die n\u00f6tigen Informationen zu bekommen. Wir wurden auf das herzlichste empfangen und durften sogar Probeduschen. Wirklich imposant, was Pr\u00e4zision in Hochtechnologie, kombiniert mit feinstem Handwerk und internationalem Design von AXOR f\u00fcr diese Produkte geleistet wird. Wir sind sehr stolz und \u00fcberaus motiviert, diese Kommunikation mit anspruchsvollem und ansprechendem Herz und Hirn zu begleiten.<\/p>\n<p><a href=\"https:\/\/www.axor-design.com\/de-de\/index.html\">AXOR &#8211; Website<\/a><\/p>\n<p><iframe loading=\"lazy\" src=\"https:\/\/player.vimeo.com\/video\/378567933\" width=\"530\" height=\"564\" frameborder=\"0\" allowfullscreen=\"allowfullscreen\"><\/iframe><\/p>\n","protected":false},"excerpt":{"rendered":"<p>Seit Sommer 2019 d\u00fcrfen wir f\u00fcr AXOR &#8211; die Designmarke der Hansgrohe Group &#8211; die Kommunikation in Bezug auf Wort und Bild mitgestalten. Das erste Projekt ist die Messe Salone del Mobile in Mailand im April 2020. Dazu gestalten wir ein neues Magazin und helfen bei der Kommunikation am Messestand, der von 1 zu 33 [&hellip;]<\/p>\n","protected":false},"author":12,"featured_media":0,"comment_status":"open","ping_status":"open","sticky":false,"template":"","format":"standard","meta":{"footnotes":""},"categories":[599,593,594,595,609],"tags":[],"class_list":["post-27279","post","type-post","status-publish","format-standard","hentry","category-campaigns","category-corporate-designbrand","category-designkommunikation-en","category-editorial-en","category-work"],"_links":{"self":[{"href":"https:\/\/www.saegenvier.at\/en\/wp-json\/wp\/v2\/posts\/27279","targetHints":{"allow":["GET"]}}],"collection":[{"href":"https:\/\/www.saegenvier.at\/en\/wp-json\/wp\/v2\/posts"}],"about":[{"href":"https:\/\/www.saegenvier.at\/en\/wp-json\/wp\/v2\/types\/post"}],"author":[{"embeddable":true,"href":"https:\/\/www.saegenvier.at\/en\/wp-json\/wp\/v2\/users\/12"}],"replies":[{"embeddable":true,"href":"https:\/\/www.saegenvier.at\/en\/wp-json\/wp\/v2\/comments?post=27279"}],"version-history":[{"count":0,"href":"https:\/\/www.saegenvier.at\/en\/wp-json\/wp\/v2\/posts\/27279\/revisions"}],"wp:attachment":[{"href":"https:\/\/www.saegenvier.at\/en\/wp-json\/wp\/v2\/media?parent=27279"}],"wp:term":[{"taxonomy":"category","embeddable":true,"href":"https:\/\/www.saegenvier.at\/en\/wp-json\/wp\/v2\/categories?post=27279"},{"taxonomy":"post_tag","embeddable":true,"href":"https:\/\/www.saegenvier.at\/en\/wp-json\/wp\/v2\/tags?post=27279"}],"curies":[{"name":"wp","href":"https:\/\/api.w.org\/{rel}","templated":true}]}}