{"id":27301,"date":"2019-07-08T20:20:52","date_gmt":"2019-07-08T18:20:52","guid":{"rendered":"https:\/\/www.saegenvier.at\/vm-einladungskarten-2019"},"modified":"2019-07-08T20:20:52","modified_gmt":"2019-07-08T18:20:52","slug":"vm-einladungskarten-2019","status":"publish","type":"post","link":"https:\/\/www.saegenvier.at\/en\/vm-einladungskarten-2019","title":{"rendered":"VM &#8211; Einladungskarten 2019"},"content":{"rendered":"<p>Und wieder sind einige Veranstaltungen und Ausstellungen im Foyer des vorarlberg museum gewesen oder noch am Laufen. Da sieht man mal, was sich die Menschen im Museum alles Sch\u00f6nes und Interessantes einfallen lassen. Und was die K\u00fcnstlerInnen und KuratorInnen alles f\u00fcr die Menschen vorbereiten. Leider schaffe ich pers\u00f6nlich auch nicht alle Termine. Aber der Aufruf gilt immer. Sehenswert. Bitte hingehen und die Programme studieren.<\/p>\n<p>&nbsp;<\/p>\n<p><a href=\"http:\/\/www.vorarlbergmuseum.at\" target=\"_blank\" rel=\"noopener\">vorarlbergmuseum.at<\/a><\/p>\n","protected":false},"excerpt":{"rendered":"<p>Und wieder sind einige Veranstaltungen und Ausstellungen im Foyer des vorarlberg museum gewesen oder noch am Laufen. Da sieht man mal, was sich die Menschen im Museum alles Sch\u00f6nes und Interessantes einfallen lassen. Und was die K\u00fcnstlerInnen und KuratorInnen alles f\u00fcr die Menschen vorbereiten. Leider schaffe ich pers\u00f6nlich auch nicht alle Termine. Aber der Aufruf [&hellip;]<\/p>\n","protected":false},"author":12,"featured_media":0,"comment_status":"open","ping_status":"open","sticky":false,"template":"","format":"standard","meta":{"footnotes":""},"categories":[594,609],"tags":[],"class_list":["post-27301","post","type-post","status-publish","format-standard","hentry","category-designkommunikation-en","category-work"],"_links":{"self":[{"href":"https:\/\/www.saegenvier.at\/en\/wp-json\/wp\/v2\/posts\/27301","targetHints":{"allow":["GET"]}}],"collection":[{"href":"https:\/\/www.saegenvier.at\/en\/wp-json\/wp\/v2\/posts"}],"about":[{"href":"https:\/\/www.saegenvier.at\/en\/wp-json\/wp\/v2\/types\/post"}],"author":[{"embeddable":true,"href":"https:\/\/www.saegenvier.at\/en\/wp-json\/wp\/v2\/users\/12"}],"replies":[{"embeddable":true,"href":"https:\/\/www.saegenvier.at\/en\/wp-json\/wp\/v2\/comments?post=27301"}],"version-history":[{"count":0,"href":"https:\/\/www.saegenvier.at\/en\/wp-json\/wp\/v2\/posts\/27301\/revisions"}],"wp:attachment":[{"href":"https:\/\/www.saegenvier.at\/en\/wp-json\/wp\/v2\/media?parent=27301"}],"wp:term":[{"taxonomy":"category","embeddable":true,"href":"https:\/\/www.saegenvier.at\/en\/wp-json\/wp\/v2\/categories?post=27301"},{"taxonomy":"post_tag","embeddable":true,"href":"https:\/\/www.saegenvier.at\/en\/wp-json\/wp\/v2\/tags?post=27301"}],"curies":[{"name":"wp","href":"https:\/\/api.w.org\/{rel}","templated":true}]}}