{"id":27306,"date":"2019-07-06T16:00:38","date_gmt":"2019-07-06T14:00:38","guid":{"rendered":"https:\/\/www.saegenvier.at\/european-design-award-2019-in-warschau"},"modified":"2019-07-06T16:00:38","modified_gmt":"2019-07-06T14:00:38","slug":"european-design-award-2019-in-warschau","status":"publish","type":"post","link":"https:\/\/www.saegenvier.at\/en\/european-design-award-2019-in-warschau","title":{"rendered":"European Design Award 2019 in Warschau"},"content":{"rendered":"<p>Einen kleinen Extrabericht auf unserer Homepage ist diese Troph\u00e4e wert. Die Auszeichnung in Silber f\u00fcr die Signaletik der Inselhalle Lindau und der Parkgarage freut uns riesig. Und auch die Gestaltung der Troph\u00e4e mit den sch\u00f6nen 5 Sternenrichtungen im Logo passt super in unser AngeberInnenregal. Danke an Auer Weber und an die AuftraggeberInnen der Stadt Lindau. Die Ausstrahlung nach Europa in Bezug auf die Gestaltungsqualit\u00e4t teilen wir gerne mit unseren PartnerInnen und AuftraggeberInnen.<\/p>\n<p>&nbsp;<\/p>\n<p><a href=\"https:\/\/europeandesign.org\/submissions\/inselhalle-lindau\/\" target=\"_blank\" rel=\"noopener\">European Design Award 2019 Beitrag<\/a><\/p>\n","protected":false},"excerpt":{"rendered":"<p>Einen kleinen Extrabericht auf unserer Homepage ist diese Troph\u00e4e wert. Die Auszeichnung in Silber f\u00fcr die Signaletik der Inselhalle Lindau und der Parkgarage freut uns riesig. Und auch die Gestaltung der Troph\u00e4e mit den sch\u00f6nen 5 Sternenrichtungen im Logo passt super in unser AngeberInnenregal. Danke an Auer Weber und an die AuftraggeberInnen der Stadt Lindau. [&hellip;]<\/p>\n","protected":false},"author":12,"featured_media":0,"comment_status":"open","ping_status":"open","sticky":false,"template":"","format":"standard","meta":{"footnotes":""},"categories":[605,601,609],"tags":[],"class_list":["post-27306","post","type-post","status-publish","format-standard","hentry","category-awards","category-signage-scenography","category-work"],"_links":{"self":[{"href":"https:\/\/www.saegenvier.at\/en\/wp-json\/wp\/v2\/posts\/27306","targetHints":{"allow":["GET"]}}],"collection":[{"href":"https:\/\/www.saegenvier.at\/en\/wp-json\/wp\/v2\/posts"}],"about":[{"href":"https:\/\/www.saegenvier.at\/en\/wp-json\/wp\/v2\/types\/post"}],"author":[{"embeddable":true,"href":"https:\/\/www.saegenvier.at\/en\/wp-json\/wp\/v2\/users\/12"}],"replies":[{"embeddable":true,"href":"https:\/\/www.saegenvier.at\/en\/wp-json\/wp\/v2\/comments?post=27306"}],"version-history":[{"count":0,"href":"https:\/\/www.saegenvier.at\/en\/wp-json\/wp\/v2\/posts\/27306\/revisions"}],"wp:attachment":[{"href":"https:\/\/www.saegenvier.at\/en\/wp-json\/wp\/v2\/media?parent=27306"}],"wp:term":[{"taxonomy":"category","embeddable":true,"href":"https:\/\/www.saegenvier.at\/en\/wp-json\/wp\/v2\/categories?post=27306"},{"taxonomy":"post_tag","embeddable":true,"href":"https:\/\/www.saegenvier.at\/en\/wp-json\/wp\/v2\/tags?post=27306"}],"curies":[{"name":"wp","href":"https:\/\/api.w.org\/{rel}","templated":true}]}}