{"id":27323,"date":"2019-05-10T19:09:07","date_gmt":"2019-05-10T17:09:07","guid":{"rendered":"https:\/\/www.saegenvier.at\/btv-magazin-automotive"},"modified":"2019-05-10T19:09:07","modified_gmt":"2019-05-10T17:09:07","slug":"btv-magazin-automotive","status":"publish","type":"post","link":"https:\/\/www.saegenvier.at\/en\/btv-magazin-automotive","title":{"rendered":"btv Magazin Automotive"},"content":{"rendered":"<p>Jetzt ist es erschienen! Das n\u00e4chste Magazin der BTV mit dem Schwerpunkt Automotive pr\u00e4sentiert einige Kunden der Bank und die spannenden Herausforderungen rundum die Entwicklung der Automobil-Zulieferindustrie. Danke an Nico Pritzl &#8211; er hat das Magazin souver\u00e4nst und so umsichtig und sch\u00f6n gestaltet. Danke an meinem ehemaligen Dozenten von der U5 in M\u00fcnchen &#8211; Herbert Lechner &#8211; er hat uns StudentInnen die Kommunikationslehre n\u00e4her gebracht und einen sehr interessanten Beitrag f\u00fcr dieses Magazin geliefert. Danke an Nikolay Uzunov f\u00fcr die excellenten Illustrationen. Danke an Hermann Br\u00e4ndle f\u00fcr die sehr lustvollen Facts and Figures. Danke an Conny Amann f\u00fcr die inhaltliche Begleitung und das S\u00e4genvier-interne Projektmanagement und nicht zuletzt &#8211; Danke an Elisabeth Bittenauer\/BTV f\u00fcr das wohlwollende, konstruktive und feine Gegen\u00fcber als Projektleiterin. Gratulation an alle Beteiligten.<\/p>\n","protected":false},"excerpt":{"rendered":"<p>Jetzt ist es erschienen! Das n\u00e4chste Magazin der BTV mit dem Schwerpunkt Automotive pr\u00e4sentiert einige Kunden der Bank und die spannenden Herausforderungen rundum die Entwicklung der Automobil-Zulieferindustrie. Danke an Nico Pritzl &#8211; er hat das Magazin souver\u00e4nst und so umsichtig und sch\u00f6n gestaltet. Danke an meinem ehemaligen Dozenten von der U5 in M\u00fcnchen &#8211; Herbert [&hellip;]<\/p>\n","protected":false},"author":12,"featured_media":23801,"comment_status":"open","ping_status":"open","sticky":false,"template":"","format":"standard","meta":{"footnotes":""},"categories":[594,595,609],"tags":[],"class_list":["post-27323","post","type-post","status-publish","format-standard","has-post-thumbnail","hentry","category-designkommunikation-en","category-editorial-en","category-work"],"_links":{"self":[{"href":"https:\/\/www.saegenvier.at\/en\/wp-json\/wp\/v2\/posts\/27323","targetHints":{"allow":["GET"]}}],"collection":[{"href":"https:\/\/www.saegenvier.at\/en\/wp-json\/wp\/v2\/posts"}],"about":[{"href":"https:\/\/www.saegenvier.at\/en\/wp-json\/wp\/v2\/types\/post"}],"author":[{"embeddable":true,"href":"https:\/\/www.saegenvier.at\/en\/wp-json\/wp\/v2\/users\/12"}],"replies":[{"embeddable":true,"href":"https:\/\/www.saegenvier.at\/en\/wp-json\/wp\/v2\/comments?post=27323"}],"version-history":[{"count":0,"href":"https:\/\/www.saegenvier.at\/en\/wp-json\/wp\/v2\/posts\/27323\/revisions"}],"wp:featuredmedia":[{"embeddable":true,"href":"https:\/\/www.saegenvier.at\/en\/wp-json\/wp\/v2\/media\/23801"}],"wp:attachment":[{"href":"https:\/\/www.saegenvier.at\/en\/wp-json\/wp\/v2\/media?parent=27323"}],"wp:term":[{"taxonomy":"category","embeddable":true,"href":"https:\/\/www.saegenvier.at\/en\/wp-json\/wp\/v2\/categories?post=27323"},{"taxonomy":"post_tag","embeddable":true,"href":"https:\/\/www.saegenvier.at\/en\/wp-json\/wp\/v2\/tags?post=27323"}],"curies":[{"name":"wp","href":"https:\/\/api.w.org\/{rel}","templated":true}]}}