{"id":27329,"date":"2019-04-25T17:37:50","date_gmt":"2019-04-25T15:37:50","guid":{"rendered":"https:\/\/www.saegenvier.at\/european-design-award-2019"},"modified":"2019-04-25T17:37:50","modified_gmt":"2019-04-25T15:37:50","slug":"european-design-award-2019","status":"publish","type":"post","link":"https:\/\/www.saegenvier.at\/en\/european-design-award-2019","title":{"rendered":"European Design Award 2019"},"content":{"rendered":"<div class=\"\">Nach so vielen Troph\u00e4en der letzten Jahre &#8211; zuletzt 6 Auszeichnungen beim German Design und German Brand Award &#8211; waren wir heuer in Bezug auf die Kosten, die so ein Preis nach sich zieht, vorsichtiger und haben \u201enur\u201c die Inselhalle in allen m\u00f6glichen Awards eingereicht.\u00a0Wir freuen uns, die erste Ver\u00f6ffentlichung einer Auszeichnung daf\u00fcr zu ver\u00f6ffentlichen. N\u00e4mlich die Nominierung zum European Design Award 2019. Weitere Infos folgen nach Verlautbahrungszulassung.<\/div>\n<div class=\"\">Danke an alle Beteiligten. Die Verleihung w\u00e4re in Warschau im Juni 2019.<\/div>\n","protected":false},"excerpt":{"rendered":"<p>Nach so vielen Troph\u00e4en der letzten Jahre &#8211; zuletzt 6 Auszeichnungen beim German Design und German Brand Award &#8211; waren wir heuer in Bezug auf die Kosten, die so ein Preis nach sich zieht, vorsichtiger und haben \u201enur\u201c die Inselhalle in allen m\u00f6glichen Awards eingereicht.\u00a0Wir freuen uns, die erste Ver\u00f6ffentlichung einer Auszeichnung daf\u00fcr zu ver\u00f6ffentlichen. [&hellip;]<\/p>\n","protected":false},"author":12,"featured_media":0,"comment_status":"open","ping_status":"open","sticky":false,"template":"","format":"standard","meta":{"footnotes":""},"categories":[605,601,609],"tags":[],"class_list":["post-27329","post","type-post","status-publish","format-standard","hentry","category-awards","category-signage-scenography","category-work"],"_links":{"self":[{"href":"https:\/\/www.saegenvier.at\/en\/wp-json\/wp\/v2\/posts\/27329","targetHints":{"allow":["GET"]}}],"collection":[{"href":"https:\/\/www.saegenvier.at\/en\/wp-json\/wp\/v2\/posts"}],"about":[{"href":"https:\/\/www.saegenvier.at\/en\/wp-json\/wp\/v2\/types\/post"}],"author":[{"embeddable":true,"href":"https:\/\/www.saegenvier.at\/en\/wp-json\/wp\/v2\/users\/12"}],"replies":[{"embeddable":true,"href":"https:\/\/www.saegenvier.at\/en\/wp-json\/wp\/v2\/comments?post=27329"}],"version-history":[{"count":0,"href":"https:\/\/www.saegenvier.at\/en\/wp-json\/wp\/v2\/posts\/27329\/revisions"}],"wp:attachment":[{"href":"https:\/\/www.saegenvier.at\/en\/wp-json\/wp\/v2\/media?parent=27329"}],"wp:term":[{"taxonomy":"category","embeddable":true,"href":"https:\/\/www.saegenvier.at\/en\/wp-json\/wp\/v2\/categories?post=27329"},{"taxonomy":"post_tag","embeddable":true,"href":"https:\/\/www.saegenvier.at\/en\/wp-json\/wp\/v2\/tags?post=27329"}],"curies":[{"name":"wp","href":"https:\/\/api.w.org\/{rel}","templated":true}]}}