{"id":27333,"date":"2019-03-20T18:52:05","date_gmt":"2019-03-20T16:52:05","guid":{"rendered":"https:\/\/www.saegenvier.at\/rathausquartier-lustenau"},"modified":"2019-03-20T18:52:05","modified_gmt":"2019-03-20T16:52:05","slug":"rathausquartier-lustenau","status":"publish","type":"post","link":"https:\/\/www.saegenvier.at\/en\/rathausquartier-lustenau","title":{"rendered":"rathausquartier lustenau"},"content":{"rendered":"<p>Jetzt ist es fertig. Das Signaletiksystem f\u00fcr das Rathausquartier in Lustenau. Die souver\u00e4nen Quaderstelen mit dem L\u00f6wen von Otmar Motter als Stilelement, die daf\u00fcr sorgen, die 3 v\u00f6llig unterschiedlichen Bauk\u00f6rper aus verschiedenen Epochen zu verbinden. Die behutsam gestalteten Metallbuchstaben und T\u00fcrschilder, die im Inneren f\u00fchren und zum Ankommen helfen. Der Anlaufschutz mit den Stationen am Rhein entlang. Eine insgesamt sch\u00f6ne Geschichte im Aussen- und Innenbereich des neuen Quartiers. Und die wunderbaren Referenzbilder vor Ort hat Miro Kuzmanovic gemacht.<\/p>\n","protected":false},"excerpt":{"rendered":"<p>Jetzt ist es fertig. Das Signaletiksystem f\u00fcr das Rathausquartier in Lustenau. Die souver\u00e4nen Quaderstelen mit dem L\u00f6wen von Otmar Motter als Stilelement, die daf\u00fcr sorgen, die 3 v\u00f6llig unterschiedlichen Bauk\u00f6rper aus verschiedenen Epochen zu verbinden. Die behutsam gestalteten Metallbuchstaben und T\u00fcrschilder, die im Inneren f\u00fchren und zum Ankommen helfen. Der Anlaufschutz mit den Stationen am [&hellip;]<\/p>\n","protected":false},"author":12,"featured_media":23721,"comment_status":"open","ping_status":"open","sticky":false,"template":"","format":"standard","meta":{"footnotes":""},"categories":[601,609],"tags":[],"class_list":["post-27333","post","type-post","status-publish","format-standard","has-post-thumbnail","hentry","category-signage-scenography","category-work"],"_links":{"self":[{"href":"https:\/\/www.saegenvier.at\/en\/wp-json\/wp\/v2\/posts\/27333","targetHints":{"allow":["GET"]}}],"collection":[{"href":"https:\/\/www.saegenvier.at\/en\/wp-json\/wp\/v2\/posts"}],"about":[{"href":"https:\/\/www.saegenvier.at\/en\/wp-json\/wp\/v2\/types\/post"}],"author":[{"embeddable":true,"href":"https:\/\/www.saegenvier.at\/en\/wp-json\/wp\/v2\/users\/12"}],"replies":[{"embeddable":true,"href":"https:\/\/www.saegenvier.at\/en\/wp-json\/wp\/v2\/comments?post=27333"}],"version-history":[{"count":0,"href":"https:\/\/www.saegenvier.at\/en\/wp-json\/wp\/v2\/posts\/27333\/revisions"}],"wp:featuredmedia":[{"embeddable":true,"href":"https:\/\/www.saegenvier.at\/en\/wp-json\/wp\/v2\/media\/23721"}],"wp:attachment":[{"href":"https:\/\/www.saegenvier.at\/en\/wp-json\/wp\/v2\/media?parent=27333"}],"wp:term":[{"taxonomy":"category","embeddable":true,"href":"https:\/\/www.saegenvier.at\/en\/wp-json\/wp\/v2\/categories?post=27333"},{"taxonomy":"post_tag","embeddable":true,"href":"https:\/\/www.saegenvier.at\/en\/wp-json\/wp\/v2\/tags?post=27333"}],"curies":[{"name":"wp","href":"https:\/\/api.w.org\/{rel}","templated":true}]}}