{"id":27360,"date":"2018-12-20T20:52:26","date_gmt":"2018-12-20T18:52:26","guid":{"rendered":"https:\/\/www.saegenvier.at\/doppelmayr-areal"},"modified":"2018-12-20T20:52:26","modified_gmt":"2018-12-20T18:52:26","slug":"doppelmayr-areal","status":"publish","type":"post","link":"https:\/\/www.saegenvier.at\/en\/doppelmayr-areal","title":{"rendered":"Doppelmayr Areal"},"content":{"rendered":"<p>Die Architekten von Cukrovicz Nachbaur in Bregenz hatten uns zum Wettbewerb miteingeladen. Endlich mal durften wir alles geben und gemeinsam haben wir den 3. Platz belegt. Auch nicht schlecht, wobei wir schon zugeben m\u00fcssen &#8211; wir h\u00e4tten gerne gewonnen und sind von unserer Einreichung immer noch sehr \u00fcberzeugt. Aber trotzdem Gratulation an Bernardo Bader &#8211; 1. Platz und Alles wird Gut &#8211; 2. Platz. Was die Jury notiert hatte, geben wir hier gerne weiter. Wiedermal durften wir das Thema Signaletik und Szenographie miteinbringen und hervorheben als Notwendigkeit. Schritt f\u00fcr Schritt zur Ortsentwicklung mit allen sinnvollen Disziplinen. Das heisst f\u00fcr uns &#8211; weitermachen und die Fachplanung Signaletik und Szenografie weiter in die Hirne und Herzen der ArchitektInnen und AuftraggeberInnen einpflanzen.<\/p>\n<p>Zitat Jury: Die fundierte Auseinandersetzung mit dem Thema der Signaletik bzw. von grundlegenden Herleitungen wird anerkennend besprochen und zeigt die grunds\u00e4tzliche Notwendigkeit der Befassung mit diesen Themen auf. Dasselbe gilt f\u00fcr den Vorschlag eines Ausstellungskonzeptes.<\/p>\n<p><a href=\"http:\/\/www.cn-architekten.at\" target=\"_blank\" rel=\"noopener\">Cukrowicz Nachbaur Architekten<\/a><\/p>\n<p>&nbsp;<\/p>\n","protected":false},"excerpt":{"rendered":"<p>Die Architekten von Cukrovicz Nachbaur in Bregenz hatten uns zum Wettbewerb miteingeladen. Endlich mal durften wir alles geben und gemeinsam haben wir den 3. Platz belegt. Auch nicht schlecht, wobei wir schon zugeben m\u00fcssen &#8211; wir h\u00e4tten gerne gewonnen und sind von unserer Einreichung immer noch sehr \u00fcberzeugt. Aber trotzdem Gratulation an Bernardo Bader &#8211; [&hellip;]<\/p>\n","protected":false},"author":12,"featured_media":0,"comment_status":"open","ping_status":"open","sticky":false,"template":"","format":"standard","meta":{"footnotes":""},"categories":[608,596,607,601,609],"tags":[],"class_list":["post-27360","post","type-post","status-publish","format-standard","hentry","category-around-us","category-drafts-competitions","category-publication","category-signage-scenography","category-work"],"_links":{"self":[{"href":"https:\/\/www.saegenvier.at\/en\/wp-json\/wp\/v2\/posts\/27360","targetHints":{"allow":["GET"]}}],"collection":[{"href":"https:\/\/www.saegenvier.at\/en\/wp-json\/wp\/v2\/posts"}],"about":[{"href":"https:\/\/www.saegenvier.at\/en\/wp-json\/wp\/v2\/types\/post"}],"author":[{"embeddable":true,"href":"https:\/\/www.saegenvier.at\/en\/wp-json\/wp\/v2\/users\/12"}],"replies":[{"embeddable":true,"href":"https:\/\/www.saegenvier.at\/en\/wp-json\/wp\/v2\/comments?post=27360"}],"version-history":[{"count":0,"href":"https:\/\/www.saegenvier.at\/en\/wp-json\/wp\/v2\/posts\/27360\/revisions"}],"wp:attachment":[{"href":"https:\/\/www.saegenvier.at\/en\/wp-json\/wp\/v2\/media?parent=27360"}],"wp:term":[{"taxonomy":"category","embeddable":true,"href":"https:\/\/www.saegenvier.at\/en\/wp-json\/wp\/v2\/categories?post=27360"},{"taxonomy":"post_tag","embeddable":true,"href":"https:\/\/www.saegenvier.at\/en\/wp-json\/wp\/v2\/tags?post=27360"}],"curies":[{"name":"wp","href":"https:\/\/api.w.org\/{rel}","templated":true}]}}