{"id":27379,"date":"2018-10-24T19:24:08","date_gmt":"2018-10-24T17:24:08","guid":{"rendered":"https:\/\/www.saegenvier.at\/30-jahre-standard"},"modified":"2018-10-24T19:24:08","modified_gmt":"2018-10-24T17:24:08","slug":"30-jahre-standard","status":"publish","type":"post","link":"https:\/\/www.saegenvier.at\/en\/30-jahre-standard","title":{"rendered":"30 Jahre Standard"},"content":{"rendered":"<p><a href=\"https:\/\/derstandard.at\/30JahreStandard\">Website zu 30 Jahre Standard<\/a><\/p>\n<p>Das war ein mehrfach sch\u00f6ner Auftrag &#8211; von der BTV aus einen Geburtstagsgruss gestalten zu d\u00fcrfen f\u00fcr ein Medium, dass wir seit Jahren lesen und sch\u00e4tzen. Und irgendwie haben die beiden auch vieles gemeinsam. Juhu! Das sind sch\u00f6ne Aufgaben.<\/p>\n<p>&nbsp;<\/p>\n","protected":false},"excerpt":{"rendered":"<p>Website zu 30 Jahre Standard Das war ein mehrfach sch\u00f6ner Auftrag &#8211; von der BTV aus einen Geburtstagsgruss gestalten zu d\u00fcrfen f\u00fcr ein Medium, dass wir seit Jahren lesen und sch\u00e4tzen. Und irgendwie haben die beiden auch vieles gemeinsam. Juhu! Das sind sch\u00f6ne Aufgaben. &nbsp;<\/p>\n","protected":false},"author":12,"featured_media":0,"comment_status":"open","ping_status":"open","sticky":false,"template":"","format":"standard","meta":{"footnotes":""},"categories":[593,594,609],"tags":[],"class_list":["post-27379","post","type-post","status-publish","format-standard","hentry","category-corporate-designbrand","category-designkommunikation-en","category-work"],"_links":{"self":[{"href":"https:\/\/www.saegenvier.at\/en\/wp-json\/wp\/v2\/posts\/27379","targetHints":{"allow":["GET"]}}],"collection":[{"href":"https:\/\/www.saegenvier.at\/en\/wp-json\/wp\/v2\/posts"}],"about":[{"href":"https:\/\/www.saegenvier.at\/en\/wp-json\/wp\/v2\/types\/post"}],"author":[{"embeddable":true,"href":"https:\/\/www.saegenvier.at\/en\/wp-json\/wp\/v2\/users\/12"}],"replies":[{"embeddable":true,"href":"https:\/\/www.saegenvier.at\/en\/wp-json\/wp\/v2\/comments?post=27379"}],"version-history":[{"count":0,"href":"https:\/\/www.saegenvier.at\/en\/wp-json\/wp\/v2\/posts\/27379\/revisions"}],"wp:attachment":[{"href":"https:\/\/www.saegenvier.at\/en\/wp-json\/wp\/v2\/media?parent=27379"}],"wp:term":[{"taxonomy":"category","embeddable":true,"href":"https:\/\/www.saegenvier.at\/en\/wp-json\/wp\/v2\/categories?post=27379"},{"taxonomy":"post_tag","embeddable":true,"href":"https:\/\/www.saegenvier.at\/en\/wp-json\/wp\/v2\/tags?post=27379"}],"curies":[{"name":"wp","href":"https:\/\/api.w.org\/{rel}","templated":true}]}}