{"id":27394,"date":"2018-09-20T19:54:33","date_gmt":"2018-09-20T17:54:33","guid":{"rendered":"https:\/\/www.saegenvier.at\/head-quarter-schelling"},"modified":"2018-09-20T19:54:33","modified_gmt":"2018-09-20T17:54:33","slug":"head-quarter-schelling","status":"publish","type":"post","link":"https:\/\/www.saegenvier.at\/en\/head-quarter-schelling","title":{"rendered":"Head Quarter Schelling"},"content":{"rendered":"<p>Cukrovicz Nachbaur Architekten haben uns f\u00fcr die Fachplanung der Signaletik der neuen B\u00fcrozentrale von Schelling in Schwarzach geholt. Das Unternehmen entwickelt und produziert Maschinen, die Holz, Metall und Kunststoff industriell und in unglaublicher Geschwindigkeit schneiden, sortieren und stapeln und den VerarbeiterInnen h\u00f6chste Qualit\u00e4t und Effizienz erm\u00f6glichen. Dies und selbstverst\u00e4ndlich die Architektur war f\u00fcr uns Basis f\u00fcr die Grafische und inhaltliche Gestaltung der Signaletik. Erste Eindr\u00fccke zeigen wir als Teaser. Jetzt gehts in Deal und zu Weihnachten 2018 ist der Einzug ins neue HQ geplant. We stay tuned und freuen uns auf ein weiteres Strahlprojekt der Raumgestaltung mit Leitsystem, Inhalt und Grafik. Details \u00fcber die weiteren Schritte und die Beteiligten folgen nach Fertigstellung.<\/p>\n","protected":false},"excerpt":{"rendered":"<p>Cukrovicz Nachbaur Architekten haben uns f\u00fcr die Fachplanung der Signaletik der neuen B\u00fcrozentrale von Schelling in Schwarzach geholt. Das Unternehmen entwickelt und produziert Maschinen, die Holz, Metall und Kunststoff industriell und in unglaublicher Geschwindigkeit schneiden, sortieren und stapeln und den VerarbeiterInnen h\u00f6chste Qualit\u00e4t und Effizienz erm\u00f6glichen. Dies und selbstverst\u00e4ndlich die Architektur war f\u00fcr uns Basis [&hellip;]<\/p>\n","protected":false},"author":12,"featured_media":0,"comment_status":"open","ping_status":"open","sticky":false,"template":"","format":"standard","meta":{"footnotes":""},"categories":[601,609],"tags":[],"class_list":["post-27394","post","type-post","status-publish","format-standard","hentry","category-signage-scenography","category-work"],"_links":{"self":[{"href":"https:\/\/www.saegenvier.at\/en\/wp-json\/wp\/v2\/posts\/27394","targetHints":{"allow":["GET"]}}],"collection":[{"href":"https:\/\/www.saegenvier.at\/en\/wp-json\/wp\/v2\/posts"}],"about":[{"href":"https:\/\/www.saegenvier.at\/en\/wp-json\/wp\/v2\/types\/post"}],"author":[{"embeddable":true,"href":"https:\/\/www.saegenvier.at\/en\/wp-json\/wp\/v2\/users\/12"}],"replies":[{"embeddable":true,"href":"https:\/\/www.saegenvier.at\/en\/wp-json\/wp\/v2\/comments?post=27394"}],"version-history":[{"count":0,"href":"https:\/\/www.saegenvier.at\/en\/wp-json\/wp\/v2\/posts\/27394\/revisions"}],"wp:attachment":[{"href":"https:\/\/www.saegenvier.at\/en\/wp-json\/wp\/v2\/media?parent=27394"}],"wp:term":[{"taxonomy":"category","embeddable":true,"href":"https:\/\/www.saegenvier.at\/en\/wp-json\/wp\/v2\/categories?post=27394"},{"taxonomy":"post_tag","embeddable":true,"href":"https:\/\/www.saegenvier.at\/en\/wp-json\/wp\/v2\/tags?post=27394"}],"curies":[{"name":"wp","href":"https:\/\/api.w.org\/{rel}","templated":true}]}}