{"id":27423,"date":"2018-06-19T18:26:14","date_gmt":"2018-06-19T16:26:14","guid":{"rendered":"https:\/\/www.saegenvier.at\/promente-v-jahresbericht-2017"},"modified":"2018-06-19T18:26:14","modified_gmt":"2018-06-19T16:26:14","slug":"promente-v-jahresbericht-2017","status":"publish","type":"post","link":"https:\/\/www.saegenvier.at\/en\/promente-v-jahresbericht-2017","title":{"rendered":"Promente V \u2013 Jahresbericht 2017"},"content":{"rendered":"<p>Mit unserer Lena Seeberger ist die heurige Ausgabe illustriert worden. Geniale Zeichnungen und die Gestaltung wurde von Lisa Fink in Kooperation mit Pro Mente V bravour\u00f6s bew\u00e4ltigt. Eine runde und sch\u00f6ne Sache f\u00fcr so ein wichtiges Thema. Gratulation und Danke an alle Beteiligten.<\/p>\n","protected":false},"excerpt":{"rendered":"<p>Mit unserer Lena Seeberger ist die heurige Ausgabe illustriert worden. Geniale Zeichnungen und die Gestaltung wurde von Lisa Fink in Kooperation mit Pro Mente V bravour\u00f6s bew\u00e4ltigt. Eine runde und sch\u00f6ne Sache f\u00fcr so ein wichtiges Thema. Gratulation und Danke an alle Beteiligten.<\/p>\n","protected":false},"author":12,"featured_media":0,"comment_status":"open","ping_status":"open","sticky":false,"template":"","format":"standard","meta":{"footnotes":""},"categories":[594,595,598,609],"tags":[],"class_list":["post-27423","post","type-post","status-publish","format-standard","hentry","category-designkommunikation-en","category-editorial-en","category-illustration-en","category-work"],"_links":{"self":[{"href":"https:\/\/www.saegenvier.at\/en\/wp-json\/wp\/v2\/posts\/27423","targetHints":{"allow":["GET"]}}],"collection":[{"href":"https:\/\/www.saegenvier.at\/en\/wp-json\/wp\/v2\/posts"}],"about":[{"href":"https:\/\/www.saegenvier.at\/en\/wp-json\/wp\/v2\/types\/post"}],"author":[{"embeddable":true,"href":"https:\/\/www.saegenvier.at\/en\/wp-json\/wp\/v2\/users\/12"}],"replies":[{"embeddable":true,"href":"https:\/\/www.saegenvier.at\/en\/wp-json\/wp\/v2\/comments?post=27423"}],"version-history":[{"count":0,"href":"https:\/\/www.saegenvier.at\/en\/wp-json\/wp\/v2\/posts\/27423\/revisions"}],"wp:attachment":[{"href":"https:\/\/www.saegenvier.at\/en\/wp-json\/wp\/v2\/media?parent=27423"}],"wp:term":[{"taxonomy":"category","embeddable":true,"href":"https:\/\/www.saegenvier.at\/en\/wp-json\/wp\/v2\/categories?post=27423"},{"taxonomy":"post_tag","embeddable":true,"href":"https:\/\/www.saegenvier.at\/en\/wp-json\/wp\/v2\/tags?post=27423"}],"curies":[{"name":"wp","href":"https:\/\/api.w.org\/{rel}","templated":true}]}}