{"id":27426,"date":"2018-06-18T15:12:42","date_gmt":"2018-06-18T13:12:42","guid":{"rendered":"https:\/\/www.saegenvier.at\/vvt-s-bahn-branding"},"modified":"2018-06-18T15:12:42","modified_gmt":"2018-06-18T13:12:42","slug":"vvt-s-bahn-branding","status":"publish","type":"post","link":"https:\/\/www.saegenvier.at\/en\/vvt-s-bahn-branding","title":{"rendered":"VVT \u2013 S-Bahn Branding"},"content":{"rendered":"<p>Im Flow des Jahres 2017 hatten wir auch die Aufgabenstellung, die S-Bahn neu zu gestalten. Die Entw\u00fcrfe waren meiner Meinung nach sensiationell und passend &#8211; leider ist es nicht weitergegangen. Aber die W\u00fcrfe zeigen wir trotzdem gerne. Gratulation an die WerferInnen&#8230;<\/p>\n<p><iframe loading=\"lazy\" src=\"https:\/\/player.vimeo.com\/video\/275626995\" width=\"530\" height=\"360\" frameborder=\"0\" allowfullscreen=\"allowfullscreen\"><\/iframe><br \/>\n<a href=\"https:\/\/vimeo.com\/275626995\">VVT-S-Bahn-Branding<\/a> from <a href=\"https:\/\/vimeo.com\/saegen4\">S\u00e4genvier<\/a> on <a href=\"https:\/\/vimeo.com\">Vimeo<\/a>.<\/p>\n","protected":false},"excerpt":{"rendered":"<p>Im Flow des Jahres 2017 hatten wir auch die Aufgabenstellung, die S-Bahn neu zu gestalten. Die Entw\u00fcrfe waren meiner Meinung nach sensiationell und passend &#8211; leider ist es nicht weitergegangen. Aber die W\u00fcrfe zeigen wir trotzdem gerne. Gratulation an die WerferInnen&#8230; VVT-S-Bahn-Branding from S\u00e4genvier on Vimeo.<\/p>\n","protected":false},"author":12,"featured_media":0,"comment_status":"open","ping_status":"open","sticky":false,"template":"","format":"standard","meta":{"footnotes":""},"categories":[593,594,609],"tags":[],"class_list":["post-27426","post","type-post","status-publish","format-standard","hentry","category-corporate-designbrand","category-designkommunikation-en","category-work"],"_links":{"self":[{"href":"https:\/\/www.saegenvier.at\/en\/wp-json\/wp\/v2\/posts\/27426","targetHints":{"allow":["GET"]}}],"collection":[{"href":"https:\/\/www.saegenvier.at\/en\/wp-json\/wp\/v2\/posts"}],"about":[{"href":"https:\/\/www.saegenvier.at\/en\/wp-json\/wp\/v2\/types\/post"}],"author":[{"embeddable":true,"href":"https:\/\/www.saegenvier.at\/en\/wp-json\/wp\/v2\/users\/12"}],"replies":[{"embeddable":true,"href":"https:\/\/www.saegenvier.at\/en\/wp-json\/wp\/v2\/comments?post=27426"}],"version-history":[{"count":0,"href":"https:\/\/www.saegenvier.at\/en\/wp-json\/wp\/v2\/posts\/27426\/revisions"}],"wp:attachment":[{"href":"https:\/\/www.saegenvier.at\/en\/wp-json\/wp\/v2\/media?parent=27426"}],"wp:term":[{"taxonomy":"category","embeddable":true,"href":"https:\/\/www.saegenvier.at\/en\/wp-json\/wp\/v2\/categories?post=27426"},{"taxonomy":"post_tag","embeddable":true,"href":"https:\/\/www.saegenvier.at\/en\/wp-json\/wp\/v2\/tags?post=27426"}],"curies":[{"name":"wp","href":"https:\/\/api.w.org\/{rel}","templated":true}]}}