{"id":27448,"date":"2018-03-12T23:03:50","date_gmt":"2018-03-12T21:03:50","guid":{"rendered":"https:\/\/www.saegenvier.at\/carla-sagt-danke"},"modified":"2018-03-12T23:03:50","modified_gmt":"2018-03-12T21:03:50","slug":"carla-sagt-danke","status":"publish","type":"post","link":"https:\/\/www.saegenvier.at\/en\/carla-sagt-danke","title":{"rendered":"Carla sagt Danke"},"content":{"rendered":"<p>Die offizielle Er\u00f6ffnung war vor 2 Wochen. Einzelne Drucksachen durften wir noch mitgestalten. Die Ausstellung mit den Informationen \u00fcber die tolle und so wichtige Arbeit der Carla-Gebiete auch. Die Rede von Dr. Walter Schmolly war herzergreifend und so wichtig &#8211; wollen doch die neuen Regierenden bis zu 50% der F\u00f6rderungen f\u00fcr Arbeitsbereiche k\u00fcrzen. Daf\u00fcr soll es Pferdepolizisten oder auch -innen geben???? Und \u00dcberwachungskameras an allen Stellen, die uns so bedrohen&#8230; Das darf doch nicht wahr sein, oder? Wer geht demonstrieren?<\/p>\n","protected":false},"excerpt":{"rendered":"<p>Die offizielle Er\u00f6ffnung war vor 2 Wochen. Einzelne Drucksachen durften wir noch mitgestalten. Die Ausstellung mit den Informationen \u00fcber die tolle und so wichtige Arbeit der Carla-Gebiete auch. Die Rede von Dr. Walter Schmolly war herzergreifend und so wichtig &#8211; wollen doch die neuen Regierenden bis zu 50% der F\u00f6rderungen f\u00fcr Arbeitsbereiche k\u00fcrzen. Daf\u00fcr soll [&hellip;]<\/p>\n","protected":false},"author":1,"featured_media":0,"comment_status":"open","ping_status":"open","sticky":false,"template":"","format":"standard","meta":{"footnotes":""},"categories":[594,609],"tags":[],"class_list":["post-27448","post","type-post","status-publish","format-standard","hentry","category-designkommunikation-en","category-work"],"_links":{"self":[{"href":"https:\/\/www.saegenvier.at\/en\/wp-json\/wp\/v2\/posts\/27448","targetHints":{"allow":["GET"]}}],"collection":[{"href":"https:\/\/www.saegenvier.at\/en\/wp-json\/wp\/v2\/posts"}],"about":[{"href":"https:\/\/www.saegenvier.at\/en\/wp-json\/wp\/v2\/types\/post"}],"author":[{"embeddable":true,"href":"https:\/\/www.saegenvier.at\/en\/wp-json\/wp\/v2\/users\/1"}],"replies":[{"embeddable":true,"href":"https:\/\/www.saegenvier.at\/en\/wp-json\/wp\/v2\/comments?post=27448"}],"version-history":[{"count":0,"href":"https:\/\/www.saegenvier.at\/en\/wp-json\/wp\/v2\/posts\/27448\/revisions"}],"wp:attachment":[{"href":"https:\/\/www.saegenvier.at\/en\/wp-json\/wp\/v2\/media?parent=27448"}],"wp:term":[{"taxonomy":"category","embeddable":true,"href":"https:\/\/www.saegenvier.at\/en\/wp-json\/wp\/v2\/categories?post=27448"},{"taxonomy":"post_tag","embeddable":true,"href":"https:\/\/www.saegenvier.at\/en\/wp-json\/wp\/v2\/tags?post=27448"}],"curies":[{"name":"wp","href":"https:\/\/api.w.org\/{rel}","templated":true}]}}