{"id":27465,"date":"2018-02-22T13:41:24","date_gmt":"2018-02-22T11:41:24","guid":{"rendered":"https:\/\/www.saegenvier.at\/fh-wuerzburg"},"modified":"2018-02-22T13:41:24","modified_gmt":"2018-02-22T11:41:24","slug":"fh-wuerzburg","status":"publish","type":"post","link":"https:\/\/www.saegenvier.at\/en\/fh-wuerzburg","title":{"rendered":"FH W\u00fcrzburg"},"content":{"rendered":"<p>Letzten Samstag habe ich die Semesterausstellung der FH W\u00fcrzburg besucht. Ich bin schwer beeindruckt \u00fcber die Qualit\u00e4t der Arbeiten. Was mich am meisten fasziniert &#8211; an der FH ist eine Trennung zwischen Analog und Digital nicht sp\u00fcrbar. Den StudentInnen wird mit gro\u00dfem Selbstverst\u00e4ndnis vermittelt &#8211; es geht um die Gestaltung und Konzeption von Inhalten, Abl\u00e4ufen, Informationen und die Kommuninikatinskan\u00e4le und -Techniken werden der Anforderung entsprechend ein- und umgesetzt.<\/p>\n<p>Gratuliere den Verantwortlichen und nat\u00fcrlich auch den StudentInnen. <\/p>\n<p><iframe loading=\"lazy\" src=\"https:\/\/player.vimeo.com\/video\/256910066\" width=\"530\" height=\"360\" frameborder=\"0\" allowfullscreen=\"allowfullscreen\"><\/iframe><br \/>\n<a href=\"https:\/\/vimeo.com\/256910066\">W\u00fcrzburg<\/a> from <a href=\"https:\/\/vimeo.com\/saegen4\">S\u00e4genvier<\/a> on <a href=\"https:\/\/vimeo.com\">Vimeo<\/a>.<\/p>\n","protected":false},"excerpt":{"rendered":"<p>Letzten Samstag habe ich die Semesterausstellung der FH W\u00fcrzburg besucht. Ich bin schwer beeindruckt \u00fcber die Qualit\u00e4t der Arbeiten. Was mich am meisten fasziniert &#8211; an der FH ist eine Trennung zwischen Analog und Digital nicht sp\u00fcrbar. Den StudentInnen wird mit gro\u00dfem Selbstverst\u00e4ndnis vermittelt &#8211; es geht um die Gestaltung und Konzeption von Inhalten, Abl\u00e4ufen, [&hellip;]<\/p>\n","protected":false},"author":1,"featured_media":0,"comment_status":"open","ping_status":"open","sticky":false,"template":"","format":"standard","meta":{"footnotes":""},"categories":[608],"tags":[],"class_list":["post-27465","post","type-post","status-publish","format-standard","hentry","category-around-us"],"_links":{"self":[{"href":"https:\/\/www.saegenvier.at\/en\/wp-json\/wp\/v2\/posts\/27465","targetHints":{"allow":["GET"]}}],"collection":[{"href":"https:\/\/www.saegenvier.at\/en\/wp-json\/wp\/v2\/posts"}],"about":[{"href":"https:\/\/www.saegenvier.at\/en\/wp-json\/wp\/v2\/types\/post"}],"author":[{"embeddable":true,"href":"https:\/\/www.saegenvier.at\/en\/wp-json\/wp\/v2\/users\/1"}],"replies":[{"embeddable":true,"href":"https:\/\/www.saegenvier.at\/en\/wp-json\/wp\/v2\/comments?post=27465"}],"version-history":[{"count":0,"href":"https:\/\/www.saegenvier.at\/en\/wp-json\/wp\/v2\/posts\/27465\/revisions"}],"wp:attachment":[{"href":"https:\/\/www.saegenvier.at\/en\/wp-json\/wp\/v2\/media?parent=27465"}],"wp:term":[{"taxonomy":"category","embeddable":true,"href":"https:\/\/www.saegenvier.at\/en\/wp-json\/wp\/v2\/categories?post=27465"},{"taxonomy":"post_tag","embeddable":true,"href":"https:\/\/www.saegenvier.at\/en\/wp-json\/wp\/v2\/tags?post=27465"}],"curies":[{"name":"wp","href":"https:\/\/api.w.org\/{rel}","templated":true}]}}