{"id":27491,"date":"2018-01-13T15:01:09","date_gmt":"2018-01-13T13:01:09","guid":{"rendered":"https:\/\/www.saegenvier.at\/welt-der-kinder"},"modified":"2018-01-13T15:01:09","modified_gmt":"2018-01-13T13:01:09","slug":"welt-der-kinder","status":"publish","type":"post","link":"https:\/\/www.saegenvier.at\/en\/welt-der-kinder","title":{"rendered":"Welt der Kinder!"},"content":{"rendered":"<p>F\u00fcr den diesj\u00e4hrigen Kongress im Festspielhaus Bregenz durften wir die Unterlagen gestalten. Auf den Grundlagen des langj\u00e4hrigen Konzeptes. Danke f\u00fcr diese Aufgabenstellung &#8211; f\u00fcr den n\u00e4chsten &#8220;Auftritt&#8221; werden wir ein ReDesign erarbeiten. Wir freuen uns schon sehr darauf.<\/p>\n","protected":false},"excerpt":{"rendered":"<p>F\u00fcr den diesj\u00e4hrigen Kongress im Festspielhaus Bregenz durften wir die Unterlagen gestalten. Auf den Grundlagen des langj\u00e4hrigen Konzeptes. Danke f\u00fcr diese Aufgabenstellung &#8211; f\u00fcr den n\u00e4chsten &#8220;Auftritt&#8221; werden wir ein ReDesign erarbeiten. Wir freuen uns schon sehr darauf.<\/p>\n","protected":false},"author":1,"featured_media":0,"comment_status":"open","ping_status":"open","sticky":false,"template":"","format":"standard","meta":{"footnotes":""},"categories":[594,602,609],"tags":[],"class_list":["post-27491","post","type-post","status-publish","format-standard","hentry","category-designkommunikation-en","category-social-commitment","category-work"],"_links":{"self":[{"href":"https:\/\/www.saegenvier.at\/en\/wp-json\/wp\/v2\/posts\/27491","targetHints":{"allow":["GET"]}}],"collection":[{"href":"https:\/\/www.saegenvier.at\/en\/wp-json\/wp\/v2\/posts"}],"about":[{"href":"https:\/\/www.saegenvier.at\/en\/wp-json\/wp\/v2\/types\/post"}],"author":[{"embeddable":true,"href":"https:\/\/www.saegenvier.at\/en\/wp-json\/wp\/v2\/users\/1"}],"replies":[{"embeddable":true,"href":"https:\/\/www.saegenvier.at\/en\/wp-json\/wp\/v2\/comments?post=27491"}],"version-history":[{"count":0,"href":"https:\/\/www.saegenvier.at\/en\/wp-json\/wp\/v2\/posts\/27491\/revisions"}],"wp:attachment":[{"href":"https:\/\/www.saegenvier.at\/en\/wp-json\/wp\/v2\/media?parent=27491"}],"wp:term":[{"taxonomy":"category","embeddable":true,"href":"https:\/\/www.saegenvier.at\/en\/wp-json\/wp\/v2\/categories?post=27491"},{"taxonomy":"post_tag","embeddable":true,"href":"https:\/\/www.saegenvier.at\/en\/wp-json\/wp\/v2\/tags?post=27491"}],"curies":[{"name":"wp","href":"https:\/\/api.w.org\/{rel}","templated":true}]}}