{"id":27542,"date":"2017-09-21T19:13:52","date_gmt":"2017-09-21T17:13:52","guid":{"rendered":"https:\/\/www.saegenvier.at\/kinder-haben-rechte"},"modified":"2017-09-21T19:13:52","modified_gmt":"2017-09-21T17:13:52","slug":"kinder-haben-rechte","status":"publish","type":"post","link":"https:\/\/www.saegenvier.at\/en\/kinder-haben-rechte","title":{"rendered":"Kinder haben Rechte"},"content":{"rendered":"<p>Angefangen hatte es mit einen ehrenamtlichen Auftrag f\u00fcr die Volksschule Dornbirn Markt. Carmen Feuchtner hat mit den Kindern viele Themen erarbeitet. Willkommenskultur, Kinderrechte, Traumschule etc. Unser damaliger Praktikant Davide Ronco hat die Gestaltung der Fahnen \u00fcbernommen und diese waren als Fassadenausstellung bis vor kurzem Ausstellungsbeitrag zu diesen Themen. <\/p>\n<p>Nachdem wir in der S\u00e4ge die Gestaltung der \u00dcbergangs-Pavillons in einem Wettbewerb gewonnen hatten (Carmen Feuchtner war im Team&#8230;) sind jetzt einige Sch\u00fclerInnen (BotschafterInnen) nach Wien gefahren um mehr herauszufinden: Wie h\u00e4ngen Religion und Politik zusammen, welche Rolle spielen die Medien und wie gelingt ein Zusammenleben in einer hochbunten Gesellschaft? Die jungen Leute besuchten davor das J\u00fcdische Museum Hohenems, die Islamausstellung auf der Schallaburg (Melk) und die Demokratiewerkstatt im Parlament (Wien).<\/p>\n<p>Heute stehen die Kinderrechte auf den Fassaden am Heldenplatz, und nicht nur PolitikerInnen werden jeden Tag daran erinnert, dass auch die J\u00fcngsten mitreden k\u00f6nnen &#8211; und gute Ideen f\u00fcr L\u00f6sungen entwickeln.<\/p>\n<p>Und zu meiner gro\u00dfen Freude &#8211; meine Frau Gerda war als Vertreterin der LeherInnenschaft der Volksschule Dornbirn Markt auch dabei.<\/p>\n<p>Riesenstolz auf alle und Gro\u00dfes Danke!<\/p>\n<p>von links nach rechts:<br \/>\nGerhard Marschall (Kommunikation\/\u00d6sterr. Parlament), Carmen Feuchtner (Welt der Kinder) Halil Bagirtlak (Bregenz), Dominik Ferles (Dornbirn), Isaac (Dornbirn), Eldin Causevic (Hard), Amiel Merimi (Bregenz), Tuana Delicay (Dornbirn), Frieda Nussbaumer (Dornbirn), Kaja Wirthensohn (Dornbirn) Jana Almberger (Dornbirn\/Hard), Emily L\u00f6schke (fliegend, aus Hard), Gerda Ramoser (VS Dornbirn Markt)<\/p>\n","protected":false},"excerpt":{"rendered":"<p>Angefangen hatte es mit einen ehrenamtlichen Auftrag f\u00fcr die Volksschule Dornbirn Markt. Carmen Feuchtner hat mit den Kindern viele Themen erarbeitet. Willkommenskultur, Kinderrechte, Traumschule etc. Unser damaliger Praktikant Davide Ronco hat die Gestaltung der Fahnen \u00fcbernommen und diese waren als Fassadenausstellung bis vor kurzem Ausstellungsbeitrag zu diesen Themen. Nachdem wir in der S\u00e4ge die Gestaltung [&hellip;]<\/p>\n","protected":false},"author":2,"featured_media":0,"comment_status":"open","ping_status":"open","sticky":false,"template":"","format":"standard","meta":{"footnotes":""},"categories":[594,606,601,602,609],"tags":[],"class_list":["post-27542","post","type-post","status-publish","format-standard","hentry","category-designkommunikation-en","category-education","category-signage-scenography","category-social-commitment","category-work"],"_links":{"self":[{"href":"https:\/\/www.saegenvier.at\/en\/wp-json\/wp\/v2\/posts\/27542","targetHints":{"allow":["GET"]}}],"collection":[{"href":"https:\/\/www.saegenvier.at\/en\/wp-json\/wp\/v2\/posts"}],"about":[{"href":"https:\/\/www.saegenvier.at\/en\/wp-json\/wp\/v2\/types\/post"}],"author":[{"embeddable":true,"href":"https:\/\/www.saegenvier.at\/en\/wp-json\/wp\/v2\/users\/2"}],"replies":[{"embeddable":true,"href":"https:\/\/www.saegenvier.at\/en\/wp-json\/wp\/v2\/comments?post=27542"}],"version-history":[{"count":0,"href":"https:\/\/www.saegenvier.at\/en\/wp-json\/wp\/v2\/posts\/27542\/revisions"}],"wp:attachment":[{"href":"https:\/\/www.saegenvier.at\/en\/wp-json\/wp\/v2\/media?parent=27542"}],"wp:term":[{"taxonomy":"category","embeddable":true,"href":"https:\/\/www.saegenvier.at\/en\/wp-json\/wp\/v2\/categories?post=27542"},{"taxonomy":"post_tag","embeddable":true,"href":"https:\/\/www.saegenvier.at\/en\/wp-json\/wp\/v2\/tags?post=27542"}],"curies":[{"name":"wp","href":"https:\/\/api.w.org\/{rel}","templated":true}]}}