{"id":27552,"date":"2017-08-09T13:52:29","date_gmt":"2017-08-09T11:52:29","guid":{"rendered":"https:\/\/www.saegenvier.at\/orf"},"modified":"2017-08-09T13:52:29","modified_gmt":"2017-08-09T11:52:29","slug":"orf","status":"publish","type":"post","link":"https:\/\/www.saegenvier.at\/en\/orf","title":{"rendered":"Die S\u00e4ge im ZIB 1"},"content":{"rendered":"<p>Der ORF hat in diesem Bericht zwar nur \u00fcber die von uns gestalteten Fassaden der tempor\u00e4ren Pavillons geschwenkt, aber immerhin. Ein Ausschnitt unserer Arbeit war in den Hauptabendnachrichten. Juhu!<\/p>\n<p><iframe loading=\"lazy\" src=\"https:\/\/player.vimeo.com\/video\/228779041\" width=\"530\" height=\"360\" frameborder=\"0\" webkitallowfullscreen mozallowfullscreen allowfullscreen><\/iframe><\/p>\n<p><a href=\"https:\/\/vimeo.com\/228779041\">ORF_Bericht_Zib1<\/a> from <a href=\"https:\/\/vimeo.com\/saegen4\">S&auml;genvier<\/a> on <a href=\"https:\/\/vimeo.com\">Vimeo<\/a>.<\/p>\n","protected":false},"excerpt":{"rendered":"<p>Der ORF hat in diesem Bericht zwar nur \u00fcber die von uns gestalteten Fassaden der tempor\u00e4ren Pavillons geschwenkt, aber immerhin. Ein Ausschnitt unserer Arbeit war in den Hauptabendnachrichten. Juhu! ORF_Bericht_Zib1 from S&auml;genvier on Vimeo.<\/p>\n","protected":false},"author":1,"featured_media":19933,"comment_status":"open","ping_status":"open","sticky":false,"template":"","format":"standard","meta":{"footnotes":""},"categories":[607,601,609],"tags":[],"class_list":["post-27552","post","type-post","status-publish","format-standard","has-post-thumbnail","hentry","category-publication","category-signage-scenography","category-work"],"_links":{"self":[{"href":"https:\/\/www.saegenvier.at\/en\/wp-json\/wp\/v2\/posts\/27552","targetHints":{"allow":["GET"]}}],"collection":[{"href":"https:\/\/www.saegenvier.at\/en\/wp-json\/wp\/v2\/posts"}],"about":[{"href":"https:\/\/www.saegenvier.at\/en\/wp-json\/wp\/v2\/types\/post"}],"author":[{"embeddable":true,"href":"https:\/\/www.saegenvier.at\/en\/wp-json\/wp\/v2\/users\/1"}],"replies":[{"embeddable":true,"href":"https:\/\/www.saegenvier.at\/en\/wp-json\/wp\/v2\/comments?post=27552"}],"version-history":[{"count":0,"href":"https:\/\/www.saegenvier.at\/en\/wp-json\/wp\/v2\/posts\/27552\/revisions"}],"wp:featuredmedia":[{"embeddable":true,"href":"https:\/\/www.saegenvier.at\/en\/wp-json\/wp\/v2\/media\/19933"}],"wp:attachment":[{"href":"https:\/\/www.saegenvier.at\/en\/wp-json\/wp\/v2\/media?parent=27552"}],"wp:term":[{"taxonomy":"category","embeddable":true,"href":"https:\/\/www.saegenvier.at\/en\/wp-json\/wp\/v2\/categories?post=27552"},{"taxonomy":"post_tag","embeddable":true,"href":"https:\/\/www.saegenvier.at\/en\/wp-json\/wp\/v2\/tags?post=27552"}],"curies":[{"name":"wp","href":"https:\/\/api.w.org\/{rel}","templated":true}]}}