{"id":27557,"date":"2017-07-14T18:27:06","date_gmt":"2017-07-14T16:27:06","guid":{"rendered":"https:\/\/www.saegenvier.at\/katholische-kirche-vorarlberg-3"},"modified":"2017-07-14T18:27:06","modified_gmt":"2017-07-14T16:27:06","slug":"katholische-kirche-vorarlberg-3","status":"publish","type":"post","link":"https:\/\/www.saegenvier.at\/en\/katholische-kirche-vorarlberg-3","title":{"rendered":"Kirche Pastoralteam &#8211; Pfarrbeauftragte"},"content":{"rendered":"<p>Eine kleine feine Arbeit f\u00fcr die Katholische Kirche Vorarlberg von Astrid Neumayr. F\u00fcr die Menschen, die in der Pfarre die Geschicke gemeinsam gestalten. Ein Leitfaden und Informationen \u00fcber Weiterbildungsm\u00f6glichkeiten. Quasi ein Starter-Kit als Service der Di\u00f6zese. <\/p>\n","protected":false},"excerpt":{"rendered":"<p>Eine kleine feine Arbeit f\u00fcr die Katholische Kirche Vorarlberg von Astrid Neumayr. F\u00fcr die Menschen, die in der Pfarre die Geschicke gemeinsam gestalten. Ein Leitfaden und Informationen \u00fcber Weiterbildungsm\u00f6glichkeiten. Quasi ein Starter-Kit als Service der Di\u00f6zese.<\/p>\n","protected":false},"author":1,"featured_media":0,"comment_status":"open","ping_status":"open","sticky":false,"template":"","format":"standard","meta":{"footnotes":""},"categories":[594,609],"tags":[],"class_list":["post-27557","post","type-post","status-publish","format-standard","hentry","category-designkommunikation-en","category-work"],"_links":{"self":[{"href":"https:\/\/www.saegenvier.at\/en\/wp-json\/wp\/v2\/posts\/27557","targetHints":{"allow":["GET"]}}],"collection":[{"href":"https:\/\/www.saegenvier.at\/en\/wp-json\/wp\/v2\/posts"}],"about":[{"href":"https:\/\/www.saegenvier.at\/en\/wp-json\/wp\/v2\/types\/post"}],"author":[{"embeddable":true,"href":"https:\/\/www.saegenvier.at\/en\/wp-json\/wp\/v2\/users\/1"}],"replies":[{"embeddable":true,"href":"https:\/\/www.saegenvier.at\/en\/wp-json\/wp\/v2\/comments?post=27557"}],"version-history":[{"count":0,"href":"https:\/\/www.saegenvier.at\/en\/wp-json\/wp\/v2\/posts\/27557\/revisions"}],"wp:attachment":[{"href":"https:\/\/www.saegenvier.at\/en\/wp-json\/wp\/v2\/media?parent=27557"}],"wp:term":[{"taxonomy":"category","embeddable":true,"href":"https:\/\/www.saegenvier.at\/en\/wp-json\/wp\/v2\/categories?post=27557"},{"taxonomy":"post_tag","embeddable":true,"href":"https:\/\/www.saegenvier.at\/en\/wp-json\/wp\/v2\/tags?post=27557"}],"curies":[{"name":"wp","href":"https:\/\/api.w.org\/{rel}","templated":true}]}}