{"id":27625,"date":"2017-02-16T12:20:02","date_gmt":"2017-02-16T10:20:02","guid":{"rendered":"https:\/\/www.saegenvier.at\/cukrowic-nachbaur-website"},"modified":"2017-02-16T12:20:02","modified_gmt":"2017-02-16T10:20:02","slug":"cukrowic-nachbaur-website","status":"publish","type":"post","link":"https:\/\/www.saegenvier.at\/en\/cukrowic-nachbaur-website","title":{"rendered":"Cukrowicz Nachbaur Website"},"content":{"rendered":"<p>Sch\u00f6n, wenn Zusammenarbeit so lange w\u00e4hrt, dass wir unseren ersten Entwurf f\u00fcr die Website relaunchen durften. Gleichzeitig wurde auch das Responsive Design geliefert. Danke an Barbara Raich und Ewald Natter. Prima Arbeit.<\/p>\n<p><a href=\"http:\/\/www.cn-architekten.at\">www.cn-architekten.at<\/a><\/p>\n","protected":false},"excerpt":{"rendered":"<p>Sch\u00f6n, wenn Zusammenarbeit so lange w\u00e4hrt, dass wir unseren ersten Entwurf f\u00fcr die Website relaunchen durften. Gleichzeitig wurde auch das Responsive Design geliefert. Danke an Barbara Raich und Ewald Natter. Prima Arbeit. www.cn-architekten.at<\/p>\n","protected":false},"author":1,"featured_media":0,"comment_status":"open","ping_status":"open","sticky":false,"template":"","format":"standard","meta":{"footnotes":""},"categories":[604,609],"tags":[],"class_list":["post-27625","post","type-post","status-publish","format-standard","hentry","category-web-en","category-work"],"_links":{"self":[{"href":"https:\/\/www.saegenvier.at\/en\/wp-json\/wp\/v2\/posts\/27625","targetHints":{"allow":["GET"]}}],"collection":[{"href":"https:\/\/www.saegenvier.at\/en\/wp-json\/wp\/v2\/posts"}],"about":[{"href":"https:\/\/www.saegenvier.at\/en\/wp-json\/wp\/v2\/types\/post"}],"author":[{"embeddable":true,"href":"https:\/\/www.saegenvier.at\/en\/wp-json\/wp\/v2\/users\/1"}],"replies":[{"embeddable":true,"href":"https:\/\/www.saegenvier.at\/en\/wp-json\/wp\/v2\/comments?post=27625"}],"version-history":[{"count":0,"href":"https:\/\/www.saegenvier.at\/en\/wp-json\/wp\/v2\/posts\/27625\/revisions"}],"wp:attachment":[{"href":"https:\/\/www.saegenvier.at\/en\/wp-json\/wp\/v2\/media?parent=27625"}],"wp:term":[{"taxonomy":"category","embeddable":true,"href":"https:\/\/www.saegenvier.at\/en\/wp-json\/wp\/v2\/categories?post=27625"},{"taxonomy":"post_tag","embeddable":true,"href":"https:\/\/www.saegenvier.at\/en\/wp-json\/wp\/v2\/tags?post=27625"}],"curies":[{"name":"wp","href":"https:\/\/api.w.org\/{rel}","templated":true}]}}