{"id":27637,"date":"2017-01-11T21:02:17","date_gmt":"2017-01-11T19:02:17","guid":{"rendered":"https:\/\/www.saegenvier.at\/schmidinger"},"modified":"2017-01-11T21:02:17","modified_gmt":"2017-01-11T19:02:17","slug":"schmidinger","status":"publish","type":"post","link":"https:\/\/www.saegenvier.at\/en\/schmidinger","title":{"rendered":"Schmidinger M\u00f6belbau &#8211; 30 Jahre Werkschau"},"content":{"rendered":"<p>Ein sehr feiner Auftrag &#8211; eine sehr wertsch\u00e4tzende Aufgabenstellung. F\u00fcr Wolfgang Schmidinger das erste und umfassende Werk seiner Arbeit gestalten zu d\u00fcrfen. Birgit und Barbara haben diese Gestaltung sehr gef\u00fchlvoll und entsprechend bew\u00e4ltigt. Gratuliere zum Jubil\u00e4um und gratuliere zur gelungenen Dokumentation der Unternehmung. Passt und sitzt und macht uns froh.<\/p>\n","protected":false},"excerpt":{"rendered":"<p>Ein sehr feiner Auftrag &#8211; eine sehr wertsch\u00e4tzende Aufgabenstellung. F\u00fcr Wolfgang Schmidinger das erste und umfassende Werk seiner Arbeit gestalten zu d\u00fcrfen. Birgit und Barbara haben diese Gestaltung sehr gef\u00fchlvoll und entsprechend bew\u00e4ltigt. Gratuliere zum Jubil\u00e4um und gratuliere zur gelungenen Dokumentation der Unternehmung. Passt und sitzt und macht uns froh.<\/p>\n","protected":false},"author":1,"featured_media":0,"comment_status":"open","ping_status":"open","sticky":false,"template":"","format":"standard","meta":{"footnotes":""},"categories":[594,595,609],"tags":[],"class_list":["post-27637","post","type-post","status-publish","format-standard","hentry","category-designkommunikation-en","category-editorial-en","category-work"],"_links":{"self":[{"href":"https:\/\/www.saegenvier.at\/en\/wp-json\/wp\/v2\/posts\/27637","targetHints":{"allow":["GET"]}}],"collection":[{"href":"https:\/\/www.saegenvier.at\/en\/wp-json\/wp\/v2\/posts"}],"about":[{"href":"https:\/\/www.saegenvier.at\/en\/wp-json\/wp\/v2\/types\/post"}],"author":[{"embeddable":true,"href":"https:\/\/www.saegenvier.at\/en\/wp-json\/wp\/v2\/users\/1"}],"replies":[{"embeddable":true,"href":"https:\/\/www.saegenvier.at\/en\/wp-json\/wp\/v2\/comments?post=27637"}],"version-history":[{"count":0,"href":"https:\/\/www.saegenvier.at\/en\/wp-json\/wp\/v2\/posts\/27637\/revisions"}],"wp:attachment":[{"href":"https:\/\/www.saegenvier.at\/en\/wp-json\/wp\/v2\/media?parent=27637"}],"wp:term":[{"taxonomy":"category","embeddable":true,"href":"https:\/\/www.saegenvier.at\/en\/wp-json\/wp\/v2\/categories?post=27637"},{"taxonomy":"post_tag","embeddable":true,"href":"https:\/\/www.saegenvier.at\/en\/wp-json\/wp\/v2\/tags?post=27637"}],"curies":[{"name":"wp","href":"https:\/\/api.w.org\/{rel}","templated":true}]}}