{"id":27650,"date":"2016-12-16T20:41:22","date_gmt":"2016-12-16T18:41:22","guid":{"rendered":"https:\/\/www.saegenvier.at\/dornbirn-2017"},"modified":"2016-12-16T20:41:22","modified_gmt":"2016-12-16T18:41:22","slug":"dornbirn-2017","status":"publish","type":"post","link":"https:\/\/www.saegenvier.at\/en\/dornbirn-2017","title":{"rendered":"Redesign CD Stadt Dornbirn"},"content":{"rendered":"<p>Gemeinsam\u00a0mit Reinhold Luger sind wir von der Stadt Dornbirn beauftragt, das Corporate Design zu \u00fcberarbeiten und ins Heute zu f\u00fchren. Weitere Impressionen seht ihr laufend hier. Der offizielle Rollout mit allen Medien ist f\u00fcr das erste Quartal 2017 geplant. Wir sind sehr sehr stolz darauf, da\u00df wir f\u00fcr unsere Stadt diese Arbeiten mitgestalten d\u00fcrfen und freuen uns \u00fcber die n\u00e4chsten Jahre der Weiterentwicklung. Danke an alle Beteiligten. Das sind sehr viele und es ist insgesamt eine sehr gute Stimmung und viel Freude dahinter. Mann, das macht Spa\u00df.<\/p>\n<p><iframe loading=\"lazy\" src=\"https:\/\/player.vimeo.com\/video\/196696899\" width=\"530\" height=\"361\" frameborder=\"0\" allowfullscreen=\"allowfullscreen\"><\/iframe><\/p>\n<p><a href=\"https:\/\/vimeo.com\/196696899\">Redesign CD Stadt Dornbirn<\/a> from <a href=\"https:\/\/vimeo.com\/saegen4\">S\u00e4genvier<\/a> on <a href=\"https:\/\/vimeo.com\">Vimeo<\/a>.<\/p>\n","protected":false},"excerpt":{"rendered":"<p>Gemeinsam\u00a0mit Reinhold Luger sind wir von der Stadt Dornbirn beauftragt, das Corporate Design zu \u00fcberarbeiten und ins Heute zu f\u00fchren. Weitere Impressionen seht ihr laufend hier. Der offizielle Rollout mit allen Medien ist f\u00fcr das erste Quartal 2017 geplant. Wir sind sehr sehr stolz darauf, da\u00df wir f\u00fcr unsere Stadt diese Arbeiten mitgestalten d\u00fcrfen und [&hellip;]<\/p>\n","protected":false},"author":1,"featured_media":18679,"comment_status":"open","ping_status":"open","sticky":false,"template":"","format":"standard","meta":{"footnotes":""},"categories":[593,594,609],"tags":[],"class_list":["post-27650","post","type-post","status-publish","format-standard","has-post-thumbnail","hentry","category-corporate-designbrand","category-designkommunikation-en","category-work"],"_links":{"self":[{"href":"https:\/\/www.saegenvier.at\/en\/wp-json\/wp\/v2\/posts\/27650","targetHints":{"allow":["GET"]}}],"collection":[{"href":"https:\/\/www.saegenvier.at\/en\/wp-json\/wp\/v2\/posts"}],"about":[{"href":"https:\/\/www.saegenvier.at\/en\/wp-json\/wp\/v2\/types\/post"}],"author":[{"embeddable":true,"href":"https:\/\/www.saegenvier.at\/en\/wp-json\/wp\/v2\/users\/1"}],"replies":[{"embeddable":true,"href":"https:\/\/www.saegenvier.at\/en\/wp-json\/wp\/v2\/comments?post=27650"}],"version-history":[{"count":0,"href":"https:\/\/www.saegenvier.at\/en\/wp-json\/wp\/v2\/posts\/27650\/revisions"}],"wp:featuredmedia":[{"embeddable":true,"href":"https:\/\/www.saegenvier.at\/en\/wp-json\/wp\/v2\/media\/18679"}],"wp:attachment":[{"href":"https:\/\/www.saegenvier.at\/en\/wp-json\/wp\/v2\/media?parent=27650"}],"wp:term":[{"taxonomy":"category","embeddable":true,"href":"https:\/\/www.saegenvier.at\/en\/wp-json\/wp\/v2\/categories?post=27650"},{"taxonomy":"post_tag","embeddable":true,"href":"https:\/\/www.saegenvier.at\/en\/wp-json\/wp\/v2\/tags?post=27650"}],"curies":[{"name":"wp","href":"https:\/\/api.w.org\/{rel}","templated":true}]}}