{"id":27674,"date":"2016-11-05T16:43:54","date_gmt":"2016-11-05T14:43:54","guid":{"rendered":"https:\/\/www.saegenvier.at\/rathaus-quartier-signaletik"},"modified":"2016-11-05T16:43:54","modified_gmt":"2016-11-05T14:43:54","slug":"rathaus-quartier-signaletik","status":"publish","type":"post","link":"https:\/\/www.saegenvier.at\/en\/rathaus-quartier-signaletik","title":{"rendered":"Rathaus Quartier Signaletik"},"content":{"rendered":"<p>Meine urspr\u00fcngliche Heimatgemeinde &#8211; mein Geburtsort &#8211; hat uns in der S\u00e4ge f\u00fcr ein Vorkonzept des neuen Rathaus-Quartier im Bereich Signaletik beauftragt. Wir sind mittendrin, aber soviel sei gesagt &#8211; es wird ein wundersch\u00f6nes Projekt. 3 Geb\u00e4ude aus verschiedenen Zeiten der letzten 100 Jahre. Wir f\u00fchren durch. Freuen uns auf die Ergebnisse. Unser gro\u00dfes Vorbild Othmar Motter hat das Wappen wunderbar \u00fcberarbeitet. Evtl. ist dies ein Ansatz f\u00fcr unseren Leitstern&#8230; Mal sehen<\/p>\n<p>&nbsp;<\/p>\n","protected":false},"excerpt":{"rendered":"<p>Meine urspr\u00fcngliche Heimatgemeinde &#8211; mein Geburtsort &#8211; hat uns in der S\u00e4ge f\u00fcr ein Vorkonzept des neuen Rathaus-Quartier im Bereich Signaletik beauftragt. Wir sind mittendrin, aber soviel sei gesagt &#8211; es wird ein wundersch\u00f6nes Projekt. 3 Geb\u00e4ude aus verschiedenen Zeiten der letzten 100 Jahre. Wir f\u00fchren durch. Freuen uns auf die Ergebnisse. Unser gro\u00dfes Vorbild [&hellip;]<\/p>\n","protected":false},"author":2,"featured_media":18330,"comment_status":"open","ping_status":"open","sticky":false,"template":"","format":"standard","meta":{"footnotes":""},"categories":[601,609],"tags":[],"class_list":["post-27674","post","type-post","status-publish","format-standard","has-post-thumbnail","hentry","category-signage-scenography","category-work"],"_links":{"self":[{"href":"https:\/\/www.saegenvier.at\/en\/wp-json\/wp\/v2\/posts\/27674","targetHints":{"allow":["GET"]}}],"collection":[{"href":"https:\/\/www.saegenvier.at\/en\/wp-json\/wp\/v2\/posts"}],"about":[{"href":"https:\/\/www.saegenvier.at\/en\/wp-json\/wp\/v2\/types\/post"}],"author":[{"embeddable":true,"href":"https:\/\/www.saegenvier.at\/en\/wp-json\/wp\/v2\/users\/2"}],"replies":[{"embeddable":true,"href":"https:\/\/www.saegenvier.at\/en\/wp-json\/wp\/v2\/comments?post=27674"}],"version-history":[{"count":0,"href":"https:\/\/www.saegenvier.at\/en\/wp-json\/wp\/v2\/posts\/27674\/revisions"}],"wp:featuredmedia":[{"embeddable":true,"href":"https:\/\/www.saegenvier.at\/en\/wp-json\/wp\/v2\/media\/18330"}],"wp:attachment":[{"href":"https:\/\/www.saegenvier.at\/en\/wp-json\/wp\/v2\/media?parent=27674"}],"wp:term":[{"taxonomy":"category","embeddable":true,"href":"https:\/\/www.saegenvier.at\/en\/wp-json\/wp\/v2\/categories?post=27674"},{"taxonomy":"post_tag","embeddable":true,"href":"https:\/\/www.saegenvier.at\/en\/wp-json\/wp\/v2\/tags?post=27674"}],"curies":[{"name":"wp","href":"https:\/\/api.w.org\/{rel}","templated":true}]}}