{"id":27675,"date":"2016-11-05T16:08:50","date_gmt":"2016-11-05T14:08:50","guid":{"rendered":"https:\/\/www.saegenvier.at\/dornbirn-corporate-design"},"modified":"2016-11-05T16:08:50","modified_gmt":"2016-11-05T14:08:50","slug":"dornbirn-corporate-design","status":"publish","type":"post","link":"https:\/\/www.saegenvier.at\/en\/dornbirn-corporate-design","title":{"rendered":"Dornbirn Corporate Design"},"content":{"rendered":"<p>Seit gut einem Dreivierteljahr sind wir beauftragt, das Corporate Design und die Kommunikation unserer Stadt Dornbirn zu \u00fcberarbeiten. Ganz sch\u00f6n ist, da\u00df wir das mit dem Ursch\u00f6pfer der Grundlagen Reinhold Luger gestalten d\u00fcrfen. Ist eine sehr feine Zusammenarbeit aller Beteiligter und -innen. Wir d\u00fcrfen die Logotype bereits verraten. Der Rest folgt noch dieser Tage im 2016. Wunderbar und voller Innovation. Danke f\u00fcr die Beauftragung. <\/p>\n","protected":false},"excerpt":{"rendered":"<p>Seit gut einem Dreivierteljahr sind wir beauftragt, das Corporate Design und die Kommunikation unserer Stadt Dornbirn zu \u00fcberarbeiten. Ganz sch\u00f6n ist, da\u00df wir das mit dem Ursch\u00f6pfer der Grundlagen Reinhold Luger gestalten d\u00fcrfen. Ist eine sehr feine Zusammenarbeit aller Beteiligter und -innen. Wir d\u00fcrfen die Logotype bereits verraten. Der Rest folgt noch dieser Tage im [&hellip;]<\/p>\n","protected":false},"author":1,"featured_media":0,"comment_status":"open","ping_status":"open","sticky":false,"template":"","format":"standard","meta":{"footnotes":""},"categories":[593,594,609],"tags":[],"class_list":["post-27675","post","type-post","status-publish","format-standard","hentry","category-corporate-designbrand","category-designkommunikation-en","category-work"],"_links":{"self":[{"href":"https:\/\/www.saegenvier.at\/en\/wp-json\/wp\/v2\/posts\/27675","targetHints":{"allow":["GET"]}}],"collection":[{"href":"https:\/\/www.saegenvier.at\/en\/wp-json\/wp\/v2\/posts"}],"about":[{"href":"https:\/\/www.saegenvier.at\/en\/wp-json\/wp\/v2\/types\/post"}],"author":[{"embeddable":true,"href":"https:\/\/www.saegenvier.at\/en\/wp-json\/wp\/v2\/users\/1"}],"replies":[{"embeddable":true,"href":"https:\/\/www.saegenvier.at\/en\/wp-json\/wp\/v2\/comments?post=27675"}],"version-history":[{"count":0,"href":"https:\/\/www.saegenvier.at\/en\/wp-json\/wp\/v2\/posts\/27675\/revisions"}],"wp:attachment":[{"href":"https:\/\/www.saegenvier.at\/en\/wp-json\/wp\/v2\/media?parent=27675"}],"wp:term":[{"taxonomy":"category","embeddable":true,"href":"https:\/\/www.saegenvier.at\/en\/wp-json\/wp\/v2\/categories?post=27675"},{"taxonomy":"post_tag","embeddable":true,"href":"https:\/\/www.saegenvier.at\/en\/wp-json\/wp\/v2\/tags?post=27675"}],"curies":[{"name":"wp","href":"https:\/\/api.w.org\/{rel}","templated":true}]}}