{"id":27689,"date":"2016-09-07T18:52:48","date_gmt":"2016-09-07T16:52:48","guid":{"rendered":"https:\/\/www.saegenvier.at\/alte-fotos"},"modified":"2016-09-07T18:52:48","modified_gmt":"2016-09-07T16:52:48","slug":"alte-fotos","status":"publish","type":"post","link":"https:\/\/www.saegenvier.at\/en\/alte-fotos","title":{"rendered":"Argentur Baschneggar"},"content":{"rendered":"<p>Also das sind wirklich wahnsinns Bilder, die ich von meinem ehemaligen Mitarbeiter Falko M\u00e4tzler bekommen habe. War eine supersch\u00f6ne Zeit in der Sala Dornbirn bei Hans-J\u00f6rg Baschnegger. Ist \u00fcber 30 Jahre her. Verdammt &#8211; die Zeit vergeht. Michele Keck, Kurt Amann und G\u00fcnter Laznia sind auch noch auf den Bildern zu sehen.<\/p>\n","protected":false},"excerpt":{"rendered":"<p>Also das sind wirklich wahnsinns Bilder, die ich von meinem ehemaligen Mitarbeiter Falko M\u00e4tzler bekommen habe. War eine supersch\u00f6ne Zeit in der Sala Dornbirn bei Hans-J\u00f6rg Baschnegger. Ist \u00fcber 30 Jahre her. Verdammt &#8211; die Zeit vergeht. Michele Keck, Kurt Amann und G\u00fcnter Laznia sind auch noch auf den Bildern zu sehen.<\/p>\n","protected":false},"author":1,"featured_media":0,"comment_status":"open","ping_status":"open","sticky":false,"template":"","format":"standard","meta":{"footnotes":""},"categories":[608],"tags":[],"class_list":["post-27689","post","type-post","status-publish","format-standard","hentry","category-around-us"],"_links":{"self":[{"href":"https:\/\/www.saegenvier.at\/en\/wp-json\/wp\/v2\/posts\/27689","targetHints":{"allow":["GET"]}}],"collection":[{"href":"https:\/\/www.saegenvier.at\/en\/wp-json\/wp\/v2\/posts"}],"about":[{"href":"https:\/\/www.saegenvier.at\/en\/wp-json\/wp\/v2\/types\/post"}],"author":[{"embeddable":true,"href":"https:\/\/www.saegenvier.at\/en\/wp-json\/wp\/v2\/users\/1"}],"replies":[{"embeddable":true,"href":"https:\/\/www.saegenvier.at\/en\/wp-json\/wp\/v2\/comments?post=27689"}],"version-history":[{"count":0,"href":"https:\/\/www.saegenvier.at\/en\/wp-json\/wp\/v2\/posts\/27689\/revisions"}],"wp:attachment":[{"href":"https:\/\/www.saegenvier.at\/en\/wp-json\/wp\/v2\/media?parent=27689"}],"wp:term":[{"taxonomy":"category","embeddable":true,"href":"https:\/\/www.saegenvier.at\/en\/wp-json\/wp\/v2\/categories?post=27689"},{"taxonomy":"post_tag","embeddable":true,"href":"https:\/\/www.saegenvier.at\/en\/wp-json\/wp\/v2\/tags?post=27689"}],"curies":[{"name":"wp","href":"https:\/\/api.w.org\/{rel}","templated":true}]}}