{"id":27705,"date":"2016-05-23T23:24:18","date_gmt":"2016-05-23T21:24:18","guid":{"rendered":"https:\/\/www.saegenvier.at\/baf-bozen"},"modified":"2016-05-23T23:24:18","modified_gmt":"2016-05-23T21:24:18","slug":"baf-bozen","status":"publish","type":"post","link":"https:\/\/www.saegenvier.at\/en\/baf-bozen","title":{"rendered":"BAF Bozen"},"content":{"rendered":"<p>Tom und Tobias &#8211; unser Freunde aus Innsbruck haben f\u00fcr dieses feine und erstmals etwas kleinere Architekturfestival das Corporate Design und die Kommunikation gestaltet. Bei dieser Gelegenheit durfte ich in Bozen meinen ersten Vortrag \u00fcber Signaletik in Englisch halten. Danke daf\u00fcr. Es war ein wunderbarer und sehr feiner Tag im S\u00fcdtirol. Die Heimat meines Vaters wohlgemerkt. Ein erster Schritt, seine Wurzeln zu suchen und zu finden. S\u00fcdtirol ist wirklich sch\u00f6n, abgesehen von den heute noch bestehenden Querelen zwischen Italienischinnen und S\u00fcdtirol-Deutsch-\u00d6sterreicherInnen. Versteh das einfach nicht. Ist sowas von \u00fcberfl\u00fcssig. Aber insgesamt einfach alle H\u00fcte ab. Die jungen ArchitektInnen haben ein publikumsreifes Format f\u00fcr Orts- und Stadtentwicklung im Festival entwickelt. Braucht sicher noch etwas Zeit und Geduld, bis mehrere verstehen, was hier wertvolles entstanden ist. Bitte macht weiter so!<\/p>\n","protected":false},"excerpt":{"rendered":"<p>Tom und Tobias &#8211; unser Freunde aus Innsbruck haben f\u00fcr dieses feine und erstmals etwas kleinere Architekturfestival das Corporate Design und die Kommunikation gestaltet. Bei dieser Gelegenheit durfte ich in Bozen meinen ersten Vortrag \u00fcber Signaletik in Englisch halten. Danke daf\u00fcr. Es war ein wunderbarer und sehr feiner Tag im S\u00fcdtirol. Die Heimat meines Vaters [&hellip;]<\/p>\n","protected":false},"author":1,"featured_media":0,"comment_status":"open","ping_status":"open","sticky":false,"template":"","format":"standard","meta":{"footnotes":""},"categories":[608,601,609],"tags":[],"class_list":["post-27705","post","type-post","status-publish","format-standard","hentry","category-around-us","category-signage-scenography","category-work"],"_links":{"self":[{"href":"https:\/\/www.saegenvier.at\/en\/wp-json\/wp\/v2\/posts\/27705","targetHints":{"allow":["GET"]}}],"collection":[{"href":"https:\/\/www.saegenvier.at\/en\/wp-json\/wp\/v2\/posts"}],"about":[{"href":"https:\/\/www.saegenvier.at\/en\/wp-json\/wp\/v2\/types\/post"}],"author":[{"embeddable":true,"href":"https:\/\/www.saegenvier.at\/en\/wp-json\/wp\/v2\/users\/1"}],"replies":[{"embeddable":true,"href":"https:\/\/www.saegenvier.at\/en\/wp-json\/wp\/v2\/comments?post=27705"}],"version-history":[{"count":0,"href":"https:\/\/www.saegenvier.at\/en\/wp-json\/wp\/v2\/posts\/27705\/revisions"}],"wp:attachment":[{"href":"https:\/\/www.saegenvier.at\/en\/wp-json\/wp\/v2\/media?parent=27705"}],"wp:term":[{"taxonomy":"category","embeddable":true,"href":"https:\/\/www.saegenvier.at\/en\/wp-json\/wp\/v2\/categories?post=27705"},{"taxonomy":"post_tag","embeddable":true,"href":"https:\/\/www.saegenvier.at\/en\/wp-json\/wp\/v2\/tags?post=27705"}],"curies":[{"name":"wp","href":"https:\/\/api.w.org\/{rel}","templated":true}]}}