{"id":27730,"date":"2016-02-25T20:35:42","date_gmt":"2016-02-25T18:35:42","guid":{"rendered":"https:\/\/www.saegenvier.at\/othmar-motter-elias-riedmann"},"modified":"2016-02-25T20:35:42","modified_gmt":"2016-02-25T18:35:42","slug":"othmar-motter-elias-riedmann","status":"publish","type":"post","link":"https:\/\/www.saegenvier.at\/en\/othmar-motter-elias-riedmann","title":{"rendered":"Othmar Motter \u2013 Elias Riedmann"},"content":{"rendered":"<p>Unser neuer Mitarbeiter Elias Riedmann hat an der Universit\u00e4t f\u00fcr angewandte Kunst Wien ein Buch \u00fcber Othmar Motter als Diplomarbeit gestaltet. Wir sind so stolz mit ihm. Eine wunderbare und tiefsinnige Aufarbeitung eines Wegbegleiters und Vordenkers f\u00fcr uns. Wir gratulieren herzlichst. Bestnote.<\/p>\n<p><a href=\"https:\/\/issuu.com\/saegenvier\/docs\/othmar_motter_nachwort\">Nachwort Peter Niedermair<\/a><\/p>\n","protected":false},"excerpt":{"rendered":"<p>Unser neuer Mitarbeiter Elias Riedmann hat an der Universit\u00e4t f\u00fcr angewandte Kunst Wien ein Buch \u00fcber Othmar Motter als Diplomarbeit gestaltet. Wir sind so stolz mit ihm. Eine wunderbare und tiefsinnige Aufarbeitung eines Wegbegleiters und Vordenkers f\u00fcr uns. Wir gratulieren herzlichst. Bestnote. Nachwort Peter Niedermair<\/p>\n","protected":false},"author":1,"featured_media":0,"comment_status":"open","ping_status":"open","sticky":false,"template":"","format":"standard","meta":{"footnotes":""},"categories":[608],"tags":[],"class_list":["post-27730","post","type-post","status-publish","format-standard","hentry","category-around-us"],"_links":{"self":[{"href":"https:\/\/www.saegenvier.at\/en\/wp-json\/wp\/v2\/posts\/27730","targetHints":{"allow":["GET"]}}],"collection":[{"href":"https:\/\/www.saegenvier.at\/en\/wp-json\/wp\/v2\/posts"}],"about":[{"href":"https:\/\/www.saegenvier.at\/en\/wp-json\/wp\/v2\/types\/post"}],"author":[{"embeddable":true,"href":"https:\/\/www.saegenvier.at\/en\/wp-json\/wp\/v2\/users\/1"}],"replies":[{"embeddable":true,"href":"https:\/\/www.saegenvier.at\/en\/wp-json\/wp\/v2\/comments?post=27730"}],"version-history":[{"count":0,"href":"https:\/\/www.saegenvier.at\/en\/wp-json\/wp\/v2\/posts\/27730\/revisions"}],"wp:attachment":[{"href":"https:\/\/www.saegenvier.at\/en\/wp-json\/wp\/v2\/media?parent=27730"}],"wp:term":[{"taxonomy":"category","embeddable":true,"href":"https:\/\/www.saegenvier.at\/en\/wp-json\/wp\/v2\/categories?post=27730"},{"taxonomy":"post_tag","embeddable":true,"href":"https:\/\/www.saegenvier.at\/en\/wp-json\/wp\/v2\/tags?post=27730"}],"curies":[{"name":"wp","href":"https:\/\/api.w.org\/{rel}","templated":true}]}}