{"id":27742,"date":"2016-01-27T22:04:43","date_gmt":"2016-01-27T20:04:43","guid":{"rendered":"https:\/\/www.saegenvier.at\/arts-crafts-summer-school-2016"},"modified":"2016-01-27T22:04:43","modified_gmt":"2016-01-27T20:04:43","slug":"arts-crafts-summer-school-2016","status":"publish","type":"post","link":"https:\/\/www.saegenvier.at\/en\/arts-crafts-summer-school-2016","title":{"rendered":"Arts &#038; Crafts \u2013 Summer School 2016"},"content":{"rendered":"<p>Und nun folgt der zweite Streich der Summer School. Fahrrad bzw. Abstellpl\u00e4tze sind 2016 das Thema, bei dem die Uni Liechtenstein zum Hand anlegen einl\u00e4dt. Da holten wir alte Fahrradschl\u00e4uche beim H\u00e4ndler und montierten diese zum 16ener. Und siehe da &#8211; das Thema ist visualisiert und sp\u00fcrbar. Barbara Raich hat die Serie weiterverfolgt und einen souver\u00e4nen Auftritt gestaltet. Hands on &#8211; liebe ArchitekturstudentInnen. Wir sind erfreut und gespannt.<\/p>\n","protected":false},"excerpt":{"rendered":"<p>Und nun folgt der zweite Streich der Summer School. Fahrrad bzw. Abstellpl\u00e4tze sind 2016 das Thema, bei dem die Uni Liechtenstein zum Hand anlegen einl\u00e4dt. Da holten wir alte Fahrradschl\u00e4uche beim H\u00e4ndler und montierten diese zum 16ener. Und siehe da &#8211; das Thema ist visualisiert und sp\u00fcrbar. Barbara Raich hat die Serie weiterverfolgt und einen [&hellip;]<\/p>\n","protected":false},"author":1,"featured_media":0,"comment_status":"open","ping_status":"open","sticky":false,"template":"","format":"standard","meta":{"footnotes":""},"categories":[594,595,600,609],"tags":[],"class_list":["post-27742","post","type-post","status-publish","format-standard","hentry","category-designkommunikation-en","category-editorial-en","category-posters","category-work"],"_links":{"self":[{"href":"https:\/\/www.saegenvier.at\/en\/wp-json\/wp\/v2\/posts\/27742","targetHints":{"allow":["GET"]}}],"collection":[{"href":"https:\/\/www.saegenvier.at\/en\/wp-json\/wp\/v2\/posts"}],"about":[{"href":"https:\/\/www.saegenvier.at\/en\/wp-json\/wp\/v2\/types\/post"}],"author":[{"embeddable":true,"href":"https:\/\/www.saegenvier.at\/en\/wp-json\/wp\/v2\/users\/1"}],"replies":[{"embeddable":true,"href":"https:\/\/www.saegenvier.at\/en\/wp-json\/wp\/v2\/comments?post=27742"}],"version-history":[{"count":0,"href":"https:\/\/www.saegenvier.at\/en\/wp-json\/wp\/v2\/posts\/27742\/revisions"}],"wp:attachment":[{"href":"https:\/\/www.saegenvier.at\/en\/wp-json\/wp\/v2\/media?parent=27742"}],"wp:term":[{"taxonomy":"category","embeddable":true,"href":"https:\/\/www.saegenvier.at\/en\/wp-json\/wp\/v2\/categories?post=27742"},{"taxonomy":"post_tag","embeddable":true,"href":"https:\/\/www.saegenvier.at\/en\/wp-json\/wp\/v2\/tags?post=27742"}],"curies":[{"name":"wp","href":"https:\/\/api.w.org\/{rel}","templated":true}]}}