{"id":27777,"date":"2015-10-25T11:46:15","date_gmt":"2015-10-25T09:46:15","guid":{"rendered":"https:\/\/www.saegenvier.at\/das-universum-des-jan-svankmajer"},"modified":"2015-10-25T11:46:15","modified_gmt":"2015-10-25T09:46:15","slug":"das-universum-des-jan-svankmajer","status":"publish","type":"post","link":"https:\/\/www.saegenvier.at\/en\/das-universum-des-jan-svankmajer","title":{"rendered":"Das Universum des Jan \u0160vankmajer"},"content":{"rendered":"<p>Stefan Amann und Barbara Raich haben dieses sch\u00f6nen Katalog &#8211; eigentlich ein Buch gestaltet. Der K\u00fcnstler erinnert mich an Lolek und Bolek und die ganzen vergessenen tschechischen Trickfilme aus meiner Kindheit. Geniale Skulpturen und Filme.<\/p>\n","protected":false},"excerpt":{"rendered":"<p>Stefan Amann und Barbara Raich haben dieses sch\u00f6nen Katalog &#8211; eigentlich ein Buch gestaltet. Der K\u00fcnstler erinnert mich an Lolek und Bolek und die ganzen vergessenen tschechischen Trickfilme aus meiner Kindheit. Geniale Skulpturen und Filme.<\/p>\n","protected":false},"author":1,"featured_media":0,"comment_status":"open","ping_status":"open","sticky":false,"template":"","format":"standard","meta":{"footnotes":""},"categories":[595,609],"tags":[],"class_list":["post-27777","post","type-post","status-publish","format-standard","hentry","category-editorial-en","category-work"],"_links":{"self":[{"href":"https:\/\/www.saegenvier.at\/en\/wp-json\/wp\/v2\/posts\/27777","targetHints":{"allow":["GET"]}}],"collection":[{"href":"https:\/\/www.saegenvier.at\/en\/wp-json\/wp\/v2\/posts"}],"about":[{"href":"https:\/\/www.saegenvier.at\/en\/wp-json\/wp\/v2\/types\/post"}],"author":[{"embeddable":true,"href":"https:\/\/www.saegenvier.at\/en\/wp-json\/wp\/v2\/users\/1"}],"replies":[{"embeddable":true,"href":"https:\/\/www.saegenvier.at\/en\/wp-json\/wp\/v2\/comments?post=27777"}],"version-history":[{"count":0,"href":"https:\/\/www.saegenvier.at\/en\/wp-json\/wp\/v2\/posts\/27777\/revisions"}],"wp:attachment":[{"href":"https:\/\/www.saegenvier.at\/en\/wp-json\/wp\/v2\/media?parent=27777"}],"wp:term":[{"taxonomy":"category","embeddable":true,"href":"https:\/\/www.saegenvier.at\/en\/wp-json\/wp\/v2\/categories?post=27777"},{"taxonomy":"post_tag","embeddable":true,"href":"https:\/\/www.saegenvier.at\/en\/wp-json\/wp\/v2\/tags?post=27777"}],"curies":[{"name":"wp","href":"https:\/\/api.w.org\/{rel}","templated":true}]}}