{"id":27826,"date":"2015-06-01T19:56:54","date_gmt":"2015-06-01T17:56:54","guid":{"rendered":"https:\/\/www.saegenvier.at\/kultur-magazin"},"modified":"2015-06-01T19:56:54","modified_gmt":"2015-06-01T17:56:54","slug":"kultur-magazin","status":"publish","type":"post","link":"https:\/\/www.saegenvier.at\/en\/kultur-magazin","title":{"rendered":"Kultur Magazin"},"content":{"rendered":"<p>Da muss ich wohl etwas weiter ausholen. Michael Mittermayer hat in der Agentur Baschnegger vor vielen etlichen Jahren den kalligrafischen Schriftzug der Kulturzeitschrift gestaltet. Wir haben damals zusammengearbeitet. Viele Jahre sp\u00e4ter hat Peter F\u00fc\u00dfl einen Wettbewerb f\u00fcr die Neugestaltung der Kulturzeitschrift ausgeschrieben. Unser S\u00e4genvier-Entwurf hats nicht gemacht. Gewonnen und umgesetzt hat das damals das Gestaltungsb\u00fcro studio popular von Stefan Amann und Martin Platzgummer, mittlerweile beide ein Teil von S\u00e4genvier. Und jetzt im Jahre 2015 wurden wir von Peter F\u00fc\u00dfl mit einem weiteren Redesign beauftragt und Stefan Amann hat sein Konzept ins neue Licht ger\u00fcckt. Ja so dreht sie sich, die Welt. Eine feine Geschichte, wie ich meine.<\/p>\n","protected":false},"excerpt":{"rendered":"<p>Da muss ich wohl etwas weiter ausholen. Michael Mittermayer hat in der Agentur Baschnegger vor vielen etlichen Jahren den kalligrafischen Schriftzug der Kulturzeitschrift gestaltet. Wir haben damals zusammengearbeitet. Viele Jahre sp\u00e4ter hat Peter F\u00fc\u00dfl einen Wettbewerb f\u00fcr die Neugestaltung der Kulturzeitschrift ausgeschrieben. Unser S\u00e4genvier-Entwurf hats nicht gemacht. Gewonnen und umgesetzt hat das damals das Gestaltungsb\u00fcro [&hellip;]<\/p>\n","protected":false},"author":1,"featured_media":0,"comment_status":"open","ping_status":"open","sticky":false,"template":"","format":"standard","meta":{"footnotes":""},"categories":[595,609],"tags":[],"class_list":["post-27826","post","type-post","status-publish","format-standard","hentry","category-editorial-en","category-work"],"_links":{"self":[{"href":"https:\/\/www.saegenvier.at\/en\/wp-json\/wp\/v2\/posts\/27826","targetHints":{"allow":["GET"]}}],"collection":[{"href":"https:\/\/www.saegenvier.at\/en\/wp-json\/wp\/v2\/posts"}],"about":[{"href":"https:\/\/www.saegenvier.at\/en\/wp-json\/wp\/v2\/types\/post"}],"author":[{"embeddable":true,"href":"https:\/\/www.saegenvier.at\/en\/wp-json\/wp\/v2\/users\/1"}],"replies":[{"embeddable":true,"href":"https:\/\/www.saegenvier.at\/en\/wp-json\/wp\/v2\/comments?post=27826"}],"version-history":[{"count":0,"href":"https:\/\/www.saegenvier.at\/en\/wp-json\/wp\/v2\/posts\/27826\/revisions"}],"wp:attachment":[{"href":"https:\/\/www.saegenvier.at\/en\/wp-json\/wp\/v2\/media?parent=27826"}],"wp:term":[{"taxonomy":"category","embeddable":true,"href":"https:\/\/www.saegenvier.at\/en\/wp-json\/wp\/v2\/categories?post=27826"},{"taxonomy":"post_tag","embeddable":true,"href":"https:\/\/www.saegenvier.at\/en\/wp-json\/wp\/v2\/tags?post=27826"}],"curies":[{"name":"wp","href":"https:\/\/api.w.org\/{rel}","templated":true}]}}