{"id":27859,"date":"2015-03-22T23:19:27","date_gmt":"2015-03-22T21:19:27","guid":{"rendered":"https:\/\/www.saegenvier.at\/a-type-munchen"},"modified":"2015-03-22T23:19:27","modified_gmt":"2015-03-22T21:19:27","slug":"a-type-munchen","status":"publish","type":"post","link":"https:\/\/www.saegenvier.at\/en\/a-type-munchen","title":{"rendered":"A-Type M\u00fcnchen"},"content":{"rendered":"<p>Da hat mich meine Vergangenheit ganz und sch\u00f6n eingeholt. In der Technischen Universit\u00e4t M\u00fcnchen haben sich ArchitektInnen und Grafik-DesignerInnen versammelt und unseren Vortr\u00e4gen zur Schrift und Raum zugeh\u00f6rt. Es waren wirklich superinteressante Vortr\u00e4ge und sch\u00f6ne Begegnungen. Neben russisch historischen Inhalten und Orientierungssystem-\u00dcberarbeitungen f\u00fcr das Olympia-Dorf, neben der wundersch\u00f6nen Publikation unseres Lustenauer Baumschlager Eberle Hauses waren hyperinteressante Inputs von internationalen KollegInnen. ZB: Andreas \u00dcbele rockte die B\u00fchne mit seinen Projekten. Und so weiter und so fort. Wir durften mit unseren Landpomeranzen-Projekten die feine Klinge zeigen. War wirklich sch\u00f6n, der Sonntag.<\/p>\n","protected":false},"excerpt":{"rendered":"<p>Da hat mich meine Vergangenheit ganz und sch\u00f6n eingeholt. In der Technischen Universit\u00e4t M\u00fcnchen haben sich ArchitektInnen und Grafik-DesignerInnen versammelt und unseren Vortr\u00e4gen zur Schrift und Raum zugeh\u00f6rt. Es waren wirklich superinteressante Vortr\u00e4ge und sch\u00f6ne Begegnungen. Neben russisch historischen Inhalten und Orientierungssystem-\u00dcberarbeitungen f\u00fcr das Olympia-Dorf, neben der wundersch\u00f6nen Publikation unseres Lustenauer Baumschlager Eberle Hauses waren [&hellip;]<\/p>\n","protected":false},"author":2,"featured_media":15962,"comment_status":"open","ping_status":"open","sticky":false,"template":"","format":"standard","meta":{"footnotes":""},"categories":[608,601,609],"tags":[],"class_list":["post-27859","post","type-post","status-publish","format-standard","has-post-thumbnail","hentry","category-around-us","category-signage-scenography","category-work"],"_links":{"self":[{"href":"https:\/\/www.saegenvier.at\/en\/wp-json\/wp\/v2\/posts\/27859","targetHints":{"allow":["GET"]}}],"collection":[{"href":"https:\/\/www.saegenvier.at\/en\/wp-json\/wp\/v2\/posts"}],"about":[{"href":"https:\/\/www.saegenvier.at\/en\/wp-json\/wp\/v2\/types\/post"}],"author":[{"embeddable":true,"href":"https:\/\/www.saegenvier.at\/en\/wp-json\/wp\/v2\/users\/2"}],"replies":[{"embeddable":true,"href":"https:\/\/www.saegenvier.at\/en\/wp-json\/wp\/v2\/comments?post=27859"}],"version-history":[{"count":0,"href":"https:\/\/www.saegenvier.at\/en\/wp-json\/wp\/v2\/posts\/27859\/revisions"}],"wp:featuredmedia":[{"embeddable":true,"href":"https:\/\/www.saegenvier.at\/en\/wp-json\/wp\/v2\/media\/15962"}],"wp:attachment":[{"href":"https:\/\/www.saegenvier.at\/en\/wp-json\/wp\/v2\/media?parent=27859"}],"wp:term":[{"taxonomy":"category","embeddable":true,"href":"https:\/\/www.saegenvier.at\/en\/wp-json\/wp\/v2\/categories?post=27859"},{"taxonomy":"post_tag","embeddable":true,"href":"https:\/\/www.saegenvier.at\/en\/wp-json\/wp\/v2\/tags?post=27859"}],"curies":[{"name":"wp","href":"https:\/\/api.w.org\/{rel}","templated":true}]}}