{"id":27863,"date":"2015-02-21T20:58:27","date_gmt":"2015-02-21T18:58:27","guid":{"rendered":"https:\/\/www.saegenvier.at\/nikolaus-walter-begegnungen"},"modified":"2015-02-21T20:58:27","modified_gmt":"2015-02-21T18:58:27","slug":"nikolaus-walter-begegnungen","status":"publish","type":"post","link":"https:\/\/www.saegenvier.at\/en\/nikolaus-walter-begegnungen","title":{"rendered":"Nikolaus Walter \u2013 Begegnungen"},"content":{"rendered":"<p>Es ist nicht das Erste Postkartenm\u00e4ppchen, da\u00df wir f\u00fcr Nikolaus Walter gestaltet haben. Und auch hoffentlich und sicher nicht das Letzte. Zu kaufen gibt es dies im vorarlberg museum Shop.<\/p>\n<p><a href=\"http:\/\/www.saegenvier.at\/wp-content\/uploads\/2015\/04\/VM-NikolausWalter-1.jpg\"><img loading=\"lazy\" decoding=\"async\" class=\"alignnone size-full wp-image-16077\" alt=\"VM-NikolausWalter-1\" src=\"http:\/\/www.saegenvier.at\/wp-content\/uploads\/2015\/04\/VM-NikolausWalter-1.jpg\" width=\"525\" height=\"350\" srcset=\"https:\/\/www.saegenvier.at\/wp-content\/uploads\/2015\/04\/VM-NikolausWalter-1.jpg 525w, https:\/\/www.saegenvier.at\/wp-content\/uploads\/2015\/04\/VM-NikolausWalter-1-250x166.jpg 250w\" sizes=\"auto, (max-width: 525px) 100vw, 525px\" \/><\/a> <a href=\"http:\/\/www.saegenvier.at\/wp-content\/uploads\/2015\/04\/VM-NikolausWalter-2.jpg\"><img loading=\"lazy\" decoding=\"async\" class=\"alignnone size-large wp-image-16078\" alt=\"VM-NikolausWalter-2\" src=\"http:\/\/www.saegenvier.at\/wp-content\/uploads\/2015\/04\/VM-NikolausWalter-2.jpg\" width=\"525\" height=\"350\" srcset=\"https:\/\/www.saegenvier.at\/wp-content\/uploads\/2015\/04\/VM-NikolausWalter-2.jpg 525w, https:\/\/www.saegenvier.at\/wp-content\/uploads\/2015\/04\/VM-NikolausWalter-2-250x166.jpg 250w\" sizes=\"auto, (max-width: 525px) 100vw, 525px\" \/><\/a> <a href=\"http:\/\/www.saegenvier.at\/wp-content\/uploads\/2015\/04\/VM-NikolausWalter-3.jpg\"><img loading=\"lazy\" decoding=\"async\" class=\"alignnone size-large wp-image-16079\" alt=\"VM-NikolausWalter-3\" src=\"http:\/\/www.saegenvier.at\/wp-content\/uploads\/2015\/04\/VM-NikolausWalter-3.jpg\" width=\"525\" height=\"350\" srcset=\"https:\/\/www.saegenvier.at\/wp-content\/uploads\/2015\/04\/VM-NikolausWalter-3.jpg 525w, https:\/\/www.saegenvier.at\/wp-content\/uploads\/2015\/04\/VM-NikolausWalter-3-250x166.jpg 250w\" sizes=\"auto, (max-width: 525px) 100vw, 525px\" \/><\/a><\/p>\n","protected":false},"excerpt":{"rendered":"<p>Es ist nicht das Erste Postkartenm\u00e4ppchen, da\u00df wir f\u00fcr Nikolaus Walter gestaltet haben. Und auch hoffentlich und sicher nicht das Letzte. Zu kaufen gibt es dies im vorarlberg museum Shop.<\/p>\n","protected":false},"author":1,"featured_media":16079,"comment_status":"open","ping_status":"open","sticky":false,"template":"","format":"standard","meta":{"footnotes":""},"categories":[594,595,609],"tags":[],"class_list":["post-27863","post","type-post","status-publish","format-standard","has-post-thumbnail","hentry","category-designkommunikation-en","category-editorial-en","category-work"],"_links":{"self":[{"href":"https:\/\/www.saegenvier.at\/en\/wp-json\/wp\/v2\/posts\/27863","targetHints":{"allow":["GET"]}}],"collection":[{"href":"https:\/\/www.saegenvier.at\/en\/wp-json\/wp\/v2\/posts"}],"about":[{"href":"https:\/\/www.saegenvier.at\/en\/wp-json\/wp\/v2\/types\/post"}],"author":[{"embeddable":true,"href":"https:\/\/www.saegenvier.at\/en\/wp-json\/wp\/v2\/users\/1"}],"replies":[{"embeddable":true,"href":"https:\/\/www.saegenvier.at\/en\/wp-json\/wp\/v2\/comments?post=27863"}],"version-history":[{"count":0,"href":"https:\/\/www.saegenvier.at\/en\/wp-json\/wp\/v2\/posts\/27863\/revisions"}],"wp:featuredmedia":[{"embeddable":true,"href":"https:\/\/www.saegenvier.at\/en\/wp-json\/wp\/v2\/media\/16079"}],"wp:attachment":[{"href":"https:\/\/www.saegenvier.at\/en\/wp-json\/wp\/v2\/media?parent=27863"}],"wp:term":[{"taxonomy":"category","embeddable":true,"href":"https:\/\/www.saegenvier.at\/en\/wp-json\/wp\/v2\/categories?post=27863"},{"taxonomy":"post_tag","embeddable":true,"href":"https:\/\/www.saegenvier.at\/en\/wp-json\/wp\/v2\/tags?post=27863"}],"curies":[{"name":"wp","href":"https:\/\/api.w.org\/{rel}","templated":true}]}}