{"id":27922,"date":"2014-10-31T18:00:34","date_gmt":"2014-10-31T16:00:34","guid":{"rendered":"https:\/\/www.saegenvier.at\/straks-2014"},"modified":"2014-10-31T18:00:34","modified_gmt":"2014-10-31T16:00:34","slug":"straks-2014","status":"publish","type":"post","link":"https:\/\/www.saegenvier.at\/en\/straks-2014","title":{"rendered":"STRAKS 2014"},"content":{"rendered":"<p>Und wieder durften wir unsere Freunde von der FH Vorarlberg unterst\u00fctzen. Sau gut, was die da immer auf die Beine stellen. Wir ziehen Hut und M\u00fctze. Danke, da\u00df wir dabei sein d\u00fcrfen. Und unsere Barbara Raich hat auch ihre Fehler-Masterarbeit im Portfolio. Genial. Wie doch die Welt so klein ist.<\/p>\n","protected":false},"excerpt":{"rendered":"<p>Und wieder durften wir unsere Freunde von der FH Vorarlberg unterst\u00fctzen. Sau gut, was die da immer auf die Beine stellen. Wir ziehen Hut und M\u00fctze. Danke, da\u00df wir dabei sein d\u00fcrfen. Und unsere Barbara Raich hat auch ihre Fehler-Masterarbeit im Portfolio. Genial. Wie doch die Welt so klein ist.<\/p>\n","protected":false},"author":1,"featured_media":0,"comment_status":"open","ping_status":"open","sticky":false,"template":"","format":"standard","meta":{"footnotes":""},"categories":[608],"tags":[],"class_list":["post-27922","post","type-post","status-publish","format-standard","hentry","category-around-us"],"_links":{"self":[{"href":"https:\/\/www.saegenvier.at\/en\/wp-json\/wp\/v2\/posts\/27922","targetHints":{"allow":["GET"]}}],"collection":[{"href":"https:\/\/www.saegenvier.at\/en\/wp-json\/wp\/v2\/posts"}],"about":[{"href":"https:\/\/www.saegenvier.at\/en\/wp-json\/wp\/v2\/types\/post"}],"author":[{"embeddable":true,"href":"https:\/\/www.saegenvier.at\/en\/wp-json\/wp\/v2\/users\/1"}],"replies":[{"embeddable":true,"href":"https:\/\/www.saegenvier.at\/en\/wp-json\/wp\/v2\/comments?post=27922"}],"version-history":[{"count":0,"href":"https:\/\/www.saegenvier.at\/en\/wp-json\/wp\/v2\/posts\/27922\/revisions"}],"wp:attachment":[{"href":"https:\/\/www.saegenvier.at\/en\/wp-json\/wp\/v2\/media?parent=27922"}],"wp:term":[{"taxonomy":"category","embeddable":true,"href":"https:\/\/www.saegenvier.at\/en\/wp-json\/wp\/v2\/categories?post=27922"},{"taxonomy":"post_tag","embeddable":true,"href":"https:\/\/www.saegenvier.at\/en\/wp-json\/wp\/v2\/tags?post=27922"}],"curies":[{"name":"wp","href":"https:\/\/api.w.org\/{rel}","templated":true}]}}