{"id":27935,"date":"2014-10-01T00:34:39","date_gmt":"2014-09-30T22:34:39","guid":{"rendered":"https:\/\/www.saegenvier.at\/habedere"},"modified":"2014-10-01T00:34:39","modified_gmt":"2014-09-30T22:34:39","slug":"habedere","status":"publish","type":"post","link":"https:\/\/www.saegenvier.at\/en\/habedere","title":{"rendered":"Habedere"},"content":{"rendered":"<p>Ein au\u00dfergew\u00f6hnliches Projekt. Die Gemeinde Lustenau hat bei uns angefragt, den Jugendplatz beim ehemaligen Hotel Huber in Zusammenarbeit mit der <a title=\"hugodworzak.at\" href=\"http:\/\/www.hugodworzak.at\" target=\"_blank\">architekturwerkstatt dworzak<\/a> zu gestalten. Da wir etwas zu teuer f\u00fcr dieses Projekt gekommen w\u00e4ren, haben wir uns gemeinsam auf die Suche nach einer realistischen L\u00f6sung gemacht. Und eine wunderbare Konstellation gefunden. In einem herzergreifenden Workshop mit Jugendlichen wurde die Architektur, der Ballspielplatz, der Skaterplatz, die M\u00e4dels-Lounge, etc. mit Fachmenschen erarbeitet. Ich pers\u00f6nlich habe mich um die Namensgebung und die zu kommunizierenden Regeln auf dem Platz gek\u00fcmmert. Mit Jugendlichen, einem Polizisten und mir als Trainer haben wir vorab verschiedene Namen erarbeitet und vorgeschlagen und \u00fcber eine Umfrage \u00fcber Facebook und in Schulen wurde anschlie\u00dfend der Name HABEDERE gew\u00e4hlt.<\/p>\n<p>Danach wurden Stefanie Herbst und Julian Schnaible \u2013 zwei FH Vorarlberg MasterstudentInnen \u2013 mit der Grafik f\u00fcr den Jugendplatz beauftragt. Ich f\u00fchlte mich wie Guardiola bei Bayern M\u00fcnchen. Stefanie und Julian haben eine wunderbare Gestaltungs-Idee entwickelt, die ich aufgrund der Qualit\u00e4t nur am Rande begleiten musste. Wehe, wenn sie losgelassen \u2026 \u2013 das ist immer wieder ein Ph\u00e4nomen. Es ist ein sch\u00f6nes Ganzes geworden. Und es sind seit der Er\u00f6ffnung t\u00e4glich zwischen 50 bis 100 Jugendliche an ihrem Platz. Das ist wundervoll. HABEDERE. Ein \u00fcberw\u00e4ltigendes Projekt. Danke daf\u00fcr.<\/p>\n<p><a href=\"http:\/\/www.youtube.com\/watch?v=BUMUfp4iPl4\">http:\/\/www.youtube.com\/watch?v=BUMUfp4iPl4<\/a><\/p>\n<p><a title=\"Hugo Dworzak\" href=\"http:\/www.hugodworzak.at\">http:\/\/www.hugodworzak.at<\/a><\/p>\n<p>Fotos: Darko Todorovic,\u00a0Marcel Hagen, Benno Hagleitner<\/p>\n","protected":false},"excerpt":{"rendered":"<p>Ein au\u00dfergew\u00f6hnliches Projekt. Die Gemeinde Lustenau hat bei uns angefragt, den Jugendplatz beim ehemaligen Hotel Huber in Zusammenarbeit mit der architekturwerkstatt dworzak zu gestalten. Da wir etwas zu teuer f\u00fcr dieses Projekt gekommen w\u00e4ren, haben wir uns gemeinsam auf die Suche nach einer realistischen L\u00f6sung gemacht. Und eine wunderbare Konstellation gefunden. In einem herzergreifenden Workshop [&hellip;]<\/p>\n","protected":false},"author":1,"featured_media":15493,"comment_status":"open","ping_status":"open","sticky":false,"template":"","format":"standard","meta":{"footnotes":""},"categories":[601,609],"tags":[],"class_list":["post-27935","post","type-post","status-publish","format-standard","has-post-thumbnail","hentry","category-signage-scenography","category-work"],"_links":{"self":[{"href":"https:\/\/www.saegenvier.at\/en\/wp-json\/wp\/v2\/posts\/27935","targetHints":{"allow":["GET"]}}],"collection":[{"href":"https:\/\/www.saegenvier.at\/en\/wp-json\/wp\/v2\/posts"}],"about":[{"href":"https:\/\/www.saegenvier.at\/en\/wp-json\/wp\/v2\/types\/post"}],"author":[{"embeddable":true,"href":"https:\/\/www.saegenvier.at\/en\/wp-json\/wp\/v2\/users\/1"}],"replies":[{"embeddable":true,"href":"https:\/\/www.saegenvier.at\/en\/wp-json\/wp\/v2\/comments?post=27935"}],"version-history":[{"count":0,"href":"https:\/\/www.saegenvier.at\/en\/wp-json\/wp\/v2\/posts\/27935\/revisions"}],"wp:featuredmedia":[{"embeddable":true,"href":"https:\/\/www.saegenvier.at\/en\/wp-json\/wp\/v2\/media\/15493"}],"wp:attachment":[{"href":"https:\/\/www.saegenvier.at\/en\/wp-json\/wp\/v2\/media?parent=27935"}],"wp:term":[{"taxonomy":"category","embeddable":true,"href":"https:\/\/www.saegenvier.at\/en\/wp-json\/wp\/v2\/categories?post=27935"},{"taxonomy":"post_tag","embeddable":true,"href":"https:\/\/www.saegenvier.at\/en\/wp-json\/wp\/v2\/tags?post=27935"}],"curies":[{"name":"wp","href":"https:\/\/api.w.org\/{rel}","templated":true}]}}