{"id":27941,"date":"2014-09-15T18:48:58","date_gmt":"2014-09-15T16:48:58","guid":{"rendered":"https:\/\/www.saegenvier.at\/stefan-waibel-katalog"},"modified":"2014-09-15T18:48:58","modified_gmt":"2014-09-15T16:48:58","slug":"stefan-waibel-katalog","status":"publish","type":"post","link":"https:\/\/www.saegenvier.at\/en\/stefan-waibel-katalog","title":{"rendered":"Stefan Waibel Katalog"},"content":{"rendered":"<p>Der n\u00e4chste Wurf von Stefan Amann, dieses Mal auch f\u00fcr einen Stefan. Sehr gelungen, sehr ad\u00e4quat. Wundersch\u00f6ne Ausstellung und der Katalog zur Dokumentation. Bravo!<\/p>\n","protected":false},"excerpt":{"rendered":"<p>Der n\u00e4chste Wurf von Stefan Amann, dieses Mal auch f\u00fcr einen Stefan. Sehr gelungen, sehr ad\u00e4quat. Wundersch\u00f6ne Ausstellung und der Katalog zur Dokumentation. Bravo!<\/p>\n","protected":false},"author":1,"featured_media":0,"comment_status":"open","ping_status":"open","sticky":false,"template":"","format":"standard","meta":{"footnotes":""},"categories":[595,609],"tags":[],"class_list":["post-27941","post","type-post","status-publish","format-standard","hentry","category-editorial-en","category-work"],"_links":{"self":[{"href":"https:\/\/www.saegenvier.at\/en\/wp-json\/wp\/v2\/posts\/27941","targetHints":{"allow":["GET"]}}],"collection":[{"href":"https:\/\/www.saegenvier.at\/en\/wp-json\/wp\/v2\/posts"}],"about":[{"href":"https:\/\/www.saegenvier.at\/en\/wp-json\/wp\/v2\/types\/post"}],"author":[{"embeddable":true,"href":"https:\/\/www.saegenvier.at\/en\/wp-json\/wp\/v2\/users\/1"}],"replies":[{"embeddable":true,"href":"https:\/\/www.saegenvier.at\/en\/wp-json\/wp\/v2\/comments?post=27941"}],"version-history":[{"count":0,"href":"https:\/\/www.saegenvier.at\/en\/wp-json\/wp\/v2\/posts\/27941\/revisions"}],"wp:attachment":[{"href":"https:\/\/www.saegenvier.at\/en\/wp-json\/wp\/v2\/media?parent=27941"}],"wp:term":[{"taxonomy":"category","embeddable":true,"href":"https:\/\/www.saegenvier.at\/en\/wp-json\/wp\/v2\/categories?post=27941"},{"taxonomy":"post_tag","embeddable":true,"href":"https:\/\/www.saegenvier.at\/en\/wp-json\/wp\/v2\/tags?post=27941"}],"curies":[{"name":"wp","href":"https:\/\/api.w.org\/{rel}","templated":true}]}}