{"id":27967,"date":"2014-05-26T20:41:45","date_gmt":"2014-05-26T18:41:45","guid":{"rendered":"https:\/\/www.saegenvier.at\/europa-und-das-licht"},"modified":"2014-05-26T20:41:45","modified_gmt":"2014-05-26T18:41:45","slug":"europa-und-das-licht","status":"publish","type":"post","link":"https:\/\/www.saegenvier.at\/en\/europa-und-das-licht","title":{"rendered":"Europa und das Licht"},"content":{"rendered":"<p>Europa hat gew\u00e4hlt und die S\u00e4ge war dabei. Sch\u00f6n, Kolleginnen aus \u00fcber 20 europ\u00e4ischen L\u00e4ndern zu treffen. Da wird ordentlich gestaunt, gelernt, bewundert, gelobt und gefeiert. Die Unterschiede sp\u00fcrt man. Sie sind gleichzeitig gross und klein. Und das ist gut so. Vielfalt birgt Sch\u00f6nheit in sich. Wir trafen portugiesische Hunde, holl\u00e4ndische Korrespondenten, griechisches Gem\u00fcse, \u00f6sterreichische Wurst, norwegische Zebrastreifen, spanische S\u00fcssigkeiten, finnische Rotnasen, russische Erben, deutsche Weltverbesserer, isl\u00e4ndische Rentiere, italienisches Zelluloid, polnische Poeten, schweizer Gravitation, t\u00fcrkisches Raster, ukrainische Tr\u00e4ume, neuseel\u00e4ndische Komiker und the Lord Mayor himself. Und nebenbei. Seit diesem Wahlsonntag ist S\u00e4genvier teil einer Stadt, die mehrheitlich gr\u00fcn w\u00e4hlt. Immer wieder f\u00fcr \u00dcberraschungen gut, dieses Europa.<\/p>\n<p><a href=\"http:\/\/www.europeandesign.org\/submissions\/vorarlberg-museum-signaletik\/\" title=\"eda\" target=\"_blank\">Zum European Design Award<\/a><br \/>\n<a href=\"http:\/\/www.saegenvier.at\/vorarlberg-museum-signaletik\" title=\"ges\u00e4gtes licht\" target=\"_blank\">Zum Projekt<\/a><\/p>\n","protected":false},"excerpt":{"rendered":"<p>Europa hat gew\u00e4hlt und die S\u00e4ge war dabei. Sch\u00f6n, Kolleginnen aus \u00fcber 20 europ\u00e4ischen L\u00e4ndern zu treffen. Da wird ordentlich gestaunt, gelernt, bewundert, gelobt und gefeiert. Die Unterschiede sp\u00fcrt man. Sie sind gleichzeitig gross und klein. Und das ist gut so. Vielfalt birgt Sch\u00f6nheit in sich. Wir trafen portugiesische Hunde, holl\u00e4ndische Korrespondenten, griechisches Gem\u00fcse, \u00f6sterreichische [&hellip;]<\/p>\n","protected":false},"author":1,"featured_media":14766,"comment_status":"open","ping_status":"open","sticky":false,"template":"","format":"standard","meta":{"footnotes":""},"categories":[608,605,607,601],"tags":[],"class_list":["post-27967","post","type-post","status-publish","format-standard","has-post-thumbnail","hentry","category-around-us","category-awards","category-publication","category-signage-scenography"],"_links":{"self":[{"href":"https:\/\/www.saegenvier.at\/en\/wp-json\/wp\/v2\/posts\/27967","targetHints":{"allow":["GET"]}}],"collection":[{"href":"https:\/\/www.saegenvier.at\/en\/wp-json\/wp\/v2\/posts"}],"about":[{"href":"https:\/\/www.saegenvier.at\/en\/wp-json\/wp\/v2\/types\/post"}],"author":[{"embeddable":true,"href":"https:\/\/www.saegenvier.at\/en\/wp-json\/wp\/v2\/users\/1"}],"replies":[{"embeddable":true,"href":"https:\/\/www.saegenvier.at\/en\/wp-json\/wp\/v2\/comments?post=27967"}],"version-history":[{"count":0,"href":"https:\/\/www.saegenvier.at\/en\/wp-json\/wp\/v2\/posts\/27967\/revisions"}],"wp:featuredmedia":[{"embeddable":true,"href":"https:\/\/www.saegenvier.at\/en\/wp-json\/wp\/v2\/media\/14766"}],"wp:attachment":[{"href":"https:\/\/www.saegenvier.at\/en\/wp-json\/wp\/v2\/media?parent=27967"}],"wp:term":[{"taxonomy":"category","embeddable":true,"href":"https:\/\/www.saegenvier.at\/en\/wp-json\/wp\/v2\/categories?post=27967"},{"taxonomy":"post_tag","embeddable":true,"href":"https:\/\/www.saegenvier.at\/en\/wp-json\/wp\/v2\/tags?post=27967"}],"curies":[{"name":"wp","href":"https:\/\/api.w.org\/{rel}","templated":true}]}}