{"id":27976,"date":"2014-04-22T14:11:10","date_gmt":"2014-04-22T12:11:10","guid":{"rendered":"https:\/\/www.saegenvier.at\/der-wert-von-design-2"},"modified":"2014-04-22T14:11:10","modified_gmt":"2014-04-22T12:11:10","slug":"der-wert-von-design-2","status":"publish","type":"post","link":"https:\/\/www.saegenvier.at\/en\/der-wert-von-design-2","title":{"rendered":"Der Wert von Design \u2013 2"},"content":{"rendered":"<p>Im Januar 2013 haben wir euch schon einmal dieses Projekt vorgestellt und einen ersten <a href=\"http:\/\/www.saegenvier.at\/der-wert-von-design\" title=\"Der Wert von Design, Januar 2013\" target=\"_blank\">Zwischenstand<\/a> pr\u00e4sentiert. Jetzt gibts weitere Ergebnisse zum Thema \u00abMeasuring Design Value\u009d\u00bb. Ziel dieses EU-Projekts ist es einen Leitfaden zu entwickeln, um den Wertsch\u00f6pfungsfaktor Design messbar zu machen und um mit klaren Zahlen zu belegen, dass Design eine wesentliche Komponente f\u00fcr Innovationskraft, f\u00fcr Wettbewerbsf\u00e4higkeit am globalen Markt und f\u00fcr Wirtschaftswachstum ist.<\/p>\n<p>So, so. Klingt spannend. \u00dcbrigens beteiligt sind neben <a href=\"http:\/\/www.designaustria.at\" title=\"designaustria\" target=\"_blank\">designaustria<\/a> noch 5 weitere europ\u00e4ische Organisationen: das Designzentrum Barcelona BCD, die Copenhagen Business School, das Ungarische Amt f\u00fcr gewerbliche Schutz- und Urheberrechte, die Schwedische Stiftung f\u00fcr Industriedesign SVID und die Universit\u00e4t Cambridge \/ Design Management Group. Jawohl!<\/p>\n<div data-configid=\"1330239\/7558419\" style=\"width: 525px; height: 371px;\" class=\"issuuembed\"><\/div>\n<p><script type=\"text\/javascript\" src=\"\/\/e.issuu.com\/embed.js\" async=\"true\"><\/script><\/p>\n","protected":false},"excerpt":{"rendered":"<p>Im Januar 2013 haben wir euch schon einmal dieses Projekt vorgestellt und einen ersten Zwischenstand pr\u00e4sentiert. Jetzt gibts weitere Ergebnisse zum Thema \u00abMeasuring Design Value\u009d\u00bb. Ziel dieses EU-Projekts ist es einen Leitfaden zu entwickeln, um den Wertsch\u00f6pfungsfaktor Design messbar zu machen und um mit klaren Zahlen zu belegen, dass Design eine wesentliche Komponente f\u00fcr Innovationskraft, [&hellip;]<\/p>\n","protected":false},"author":1,"featured_media":0,"comment_status":"open","ping_status":"open","sticky":false,"template":"","format":"standard","meta":{"footnotes":""},"categories":[608,606],"tags":[],"class_list":["post-27976","post","type-post","status-publish","format-standard","hentry","category-around-us","category-education"],"_links":{"self":[{"href":"https:\/\/www.saegenvier.at\/en\/wp-json\/wp\/v2\/posts\/27976","targetHints":{"allow":["GET"]}}],"collection":[{"href":"https:\/\/www.saegenvier.at\/en\/wp-json\/wp\/v2\/posts"}],"about":[{"href":"https:\/\/www.saegenvier.at\/en\/wp-json\/wp\/v2\/types\/post"}],"author":[{"embeddable":true,"href":"https:\/\/www.saegenvier.at\/en\/wp-json\/wp\/v2\/users\/1"}],"replies":[{"embeddable":true,"href":"https:\/\/www.saegenvier.at\/en\/wp-json\/wp\/v2\/comments?post=27976"}],"version-history":[{"count":0,"href":"https:\/\/www.saegenvier.at\/en\/wp-json\/wp\/v2\/posts\/27976\/revisions"}],"wp:attachment":[{"href":"https:\/\/www.saegenvier.at\/en\/wp-json\/wp\/v2\/media?parent=27976"}],"wp:term":[{"taxonomy":"category","embeddable":true,"href":"https:\/\/www.saegenvier.at\/en\/wp-json\/wp\/v2\/categories?post=27976"},{"taxonomy":"post_tag","embeddable":true,"href":"https:\/\/www.saegenvier.at\/en\/wp-json\/wp\/v2\/tags?post=27976"}],"curies":[{"name":"wp","href":"https:\/\/api.w.org\/{rel}","templated":true}]}}