{"id":27978,"date":"2014-04-15T16:55:44","date_gmt":"2014-04-15T14:55:44","guid":{"rendered":"https:\/\/www.saegenvier.at\/kunstraumdornbirn-2-0"},"modified":"2014-04-15T16:55:44","modified_gmt":"2014-04-15T14:55:44","slug":"kunstraumdornbirn-2-0","status":"publish","type":"post","link":"https:\/\/www.saegenvier.at\/en\/kunstraumdornbirn-2-0","title":{"rendered":"Kunstraumdornbirn 2.0"},"content":{"rendered":"<p>Es war so um 1990, da durfte ich mit Heinz Mathis und Hans D\u00fcnser das Erscheinungsbild des Kunst Raum Dornbirn gestalten. Programmbrosch\u00fcren, Ausstellungsflyer, etc. Hatte sich eine ganze Weile gehalten. Jetzt ist Thomas H\u00e4usle wieder zu uns gekommen und wir arbeiten ab 2014 wieder zusammen. Auf Basis des wunderbaren Erscheinungsbildes von unserem gesch\u00e4tzten Kollegen Reinhard Flax (Flax, Jutz, M\u00e4tzler) gestalten wir die Kommunikationsmittel. Man sieht sich manchmal zwei mal im Leben. Sehr fein.<\/p>\n","protected":false},"excerpt":{"rendered":"<p>Es war so um 1990, da durfte ich mit Heinz Mathis und Hans D\u00fcnser das Erscheinungsbild des Kunst Raum Dornbirn gestalten. Programmbrosch\u00fcren, Ausstellungsflyer, etc. Hatte sich eine ganze Weile gehalten. Jetzt ist Thomas H\u00e4usle wieder zu uns gekommen und wir arbeiten ab 2014 wieder zusammen. Auf Basis des wunderbaren Erscheinungsbildes von unserem gesch\u00e4tzten Kollegen Reinhard [&hellip;]<\/p>\n","protected":false},"author":2,"featured_media":0,"comment_status":"open","ping_status":"open","sticky":false,"template":"","format":"standard","meta":{"footnotes":""},"categories":[594,609],"tags":[],"class_list":["post-27978","post","type-post","status-publish","format-standard","hentry","category-designkommunikation-en","category-work"],"_links":{"self":[{"href":"https:\/\/www.saegenvier.at\/en\/wp-json\/wp\/v2\/posts\/27978","targetHints":{"allow":["GET"]}}],"collection":[{"href":"https:\/\/www.saegenvier.at\/en\/wp-json\/wp\/v2\/posts"}],"about":[{"href":"https:\/\/www.saegenvier.at\/en\/wp-json\/wp\/v2\/types\/post"}],"author":[{"embeddable":true,"href":"https:\/\/www.saegenvier.at\/en\/wp-json\/wp\/v2\/users\/2"}],"replies":[{"embeddable":true,"href":"https:\/\/www.saegenvier.at\/en\/wp-json\/wp\/v2\/comments?post=27978"}],"version-history":[{"count":0,"href":"https:\/\/www.saegenvier.at\/en\/wp-json\/wp\/v2\/posts\/27978\/revisions"}],"wp:attachment":[{"href":"https:\/\/www.saegenvier.at\/en\/wp-json\/wp\/v2\/media?parent=27978"}],"wp:term":[{"taxonomy":"category","embeddable":true,"href":"https:\/\/www.saegenvier.at\/en\/wp-json\/wp\/v2\/categories?post=27978"},{"taxonomy":"post_tag","embeddable":true,"href":"https:\/\/www.saegenvier.at\/en\/wp-json\/wp\/v2\/tags?post=27978"}],"curies":[{"name":"wp","href":"https:\/\/api.w.org\/{rel}","templated":true}]}}