{"id":28147,"date":"2013-01-09T11:34:24","date_gmt":"2013-01-09T10:34:24","guid":{"rendered":"https:\/\/www.saegenvier.at\/kulturhauser-visitenkarten"},"modified":"2013-01-09T11:34:24","modified_gmt":"2013-01-09T10:34:24","slug":"kulturhauser-visitenkarten","status":"publish","type":"post","link":"https:\/\/www.saegenvier.at\/en\/kulturhauser-visitenkarten","title":{"rendered":"Kulturh\u00e4user Visitenkarten"},"content":{"rendered":"<p>F\u00fcr das Serviceb\u00fcro der Kulturh\u00e4user haben wir nebst Internet, Fuhrpark, Bekleidung auch die Drucksachen neu gestaltet. Backoffice &#8211; im Dienste der Kunst.<\/p>\n","protected":false},"excerpt":{"rendered":"<p>F\u00fcr das Serviceb\u00fcro der Kulturh\u00e4user haben wir nebst Internet, Fuhrpark, Bekleidung auch die Drucksachen neu gestaltet. Backoffice &#8211; im Dienste der Kunst.<\/p>\n","protected":false},"author":1,"featured_media":0,"comment_status":"open","ping_status":"open","sticky":false,"template":"","format":"standard","meta":{"footnotes":""},"categories":[593,609],"tags":[660],"class_list":["post-28147","post","type-post","status-publish","format-standard","hentry","category-corporate-designbrand","category-work","tag-kulturhauser-vorarlberg-en"],"_links":{"self":[{"href":"https:\/\/www.saegenvier.at\/en\/wp-json\/wp\/v2\/posts\/28147","targetHints":{"allow":["GET"]}}],"collection":[{"href":"https:\/\/www.saegenvier.at\/en\/wp-json\/wp\/v2\/posts"}],"about":[{"href":"https:\/\/www.saegenvier.at\/en\/wp-json\/wp\/v2\/types\/post"}],"author":[{"embeddable":true,"href":"https:\/\/www.saegenvier.at\/en\/wp-json\/wp\/v2\/users\/1"}],"replies":[{"embeddable":true,"href":"https:\/\/www.saegenvier.at\/en\/wp-json\/wp\/v2\/comments?post=28147"}],"version-history":[{"count":0,"href":"https:\/\/www.saegenvier.at\/en\/wp-json\/wp\/v2\/posts\/28147\/revisions"}],"wp:attachment":[{"href":"https:\/\/www.saegenvier.at\/en\/wp-json\/wp\/v2\/media?parent=28147"}],"wp:term":[{"taxonomy":"category","embeddable":true,"href":"https:\/\/www.saegenvier.at\/en\/wp-json\/wp\/v2\/categories?post=28147"},{"taxonomy":"post_tag","embeddable":true,"href":"https:\/\/www.saegenvier.at\/en\/wp-json\/wp\/v2\/tags?post=28147"}],"curies":[{"name":"wp","href":"https:\/\/api.w.org\/{rel}","templated":true}]}}