{"id":28154,"date":"2012-12-14T11:34:17","date_gmt":"2012-12-14T10:34:17","guid":{"rendered":"https:\/\/www.saegenvier.at\/because-the-night-belongs-to-lovers"},"modified":"2012-12-14T11:34:17","modified_gmt":"2012-12-14T10:34:17","slug":"because-the-night-belongs-to-lovers","status":"publish","type":"post","link":"https:\/\/www.saegenvier.at\/en\/because-the-night-belongs-to-lovers","title":{"rendered":"because the night belongs to lovers"},"content":{"rendered":"<p>Alle Jahre wieder d\u00fcrfen wir den Kalender f\u00fcr die Druckerei Wenin gestalten. Dabei haben wir quasi freie Hand, das ist wunderbar. Dieses Jahr ist es eine Hommage an die Nacht geworden, denn &#8220;Tag f\u00fcr Tag sind unsere Kalender voll mit Terminen. Doch dann, wenn die Sonne untergeht und die Welt in tiefes Schwarz h\u00fcllt, beginnt die Zeit der Ruhe. &#8230;&#8221; Auf dem Kalenderblatt kann man jeweils die L\u00e4nge des Tages und der Nacht im Verh\u00e4ltnis ablesen, es gibt abtrennbare Karten mit Facetten zur Nacht (Wusstet ihr zum Beispiel, dass Nachtigallen erst nach Mitternacht flirten?) und das alles auf Schwarz gedruckt. Auf eine ruhige Zeit 2013!<br \/>\nIdee und Gestaltung: Monika Schnitzbauer<\/p>\n","protected":false},"excerpt":{"rendered":"<p>Alle Jahre wieder d\u00fcrfen wir den Kalender f\u00fcr die Druckerei Wenin gestalten. Dabei haben wir quasi freie Hand, das ist wunderbar. Dieses Jahr ist es eine Hommage an die Nacht geworden, denn &#8220;Tag f\u00fcr Tag sind unsere Kalender voll mit Terminen. Doch dann, wenn die Sonne untergeht und die Welt in tiefes Schwarz h\u00fcllt, beginnt [&hellip;]<\/p>\n","protected":false},"author":1,"featured_media":0,"comment_status":"open","ping_status":"open","sticky":false,"template":"","format":"standard","meta":{"footnotes":""},"categories":[594,598,609],"tags":[666,667],"class_list":["post-28154","post","type-post","status-publish","format-standard","hentry","category-designkommunikation-en","category-illustration-en","category-work","tag-druckerei-wenin-en","tag-kalender-en"],"_links":{"self":[{"href":"https:\/\/www.saegenvier.at\/en\/wp-json\/wp\/v2\/posts\/28154","targetHints":{"allow":["GET"]}}],"collection":[{"href":"https:\/\/www.saegenvier.at\/en\/wp-json\/wp\/v2\/posts"}],"about":[{"href":"https:\/\/www.saegenvier.at\/en\/wp-json\/wp\/v2\/types\/post"}],"author":[{"embeddable":true,"href":"https:\/\/www.saegenvier.at\/en\/wp-json\/wp\/v2\/users\/1"}],"replies":[{"embeddable":true,"href":"https:\/\/www.saegenvier.at\/en\/wp-json\/wp\/v2\/comments?post=28154"}],"version-history":[{"count":0,"href":"https:\/\/www.saegenvier.at\/en\/wp-json\/wp\/v2\/posts\/28154\/revisions"}],"wp:attachment":[{"href":"https:\/\/www.saegenvier.at\/en\/wp-json\/wp\/v2\/media?parent=28154"}],"wp:term":[{"taxonomy":"category","embeddable":true,"href":"https:\/\/www.saegenvier.at\/en\/wp-json\/wp\/v2\/categories?post=28154"},{"taxonomy":"post_tag","embeddable":true,"href":"https:\/\/www.saegenvier.at\/en\/wp-json\/wp\/v2\/tags?post=28154"}],"curies":[{"name":"wp","href":"https:\/\/api.w.org\/{rel}","templated":true}]}}