{"id":28167,"date":"2012-12-01T18:50:11","date_gmt":"2012-12-01T17:50:11","guid":{"rendered":"https:\/\/www.saegenvier.at\/sonne-mond-und-sterne"},"modified":"2012-12-01T18:50:11","modified_gmt":"2012-12-01T17:50:11","slug":"sonne-mond-und-sterne","status":"publish","type":"post","link":"https:\/\/www.saegenvier.at\/en\/sonne-mond-und-sterne","title":{"rendered":"Sonne Mond und Sterne"},"content":{"rendered":"<p>Eine sehr sch\u00f6ne Idee im Zeit Magazin. Sonne, Mond und Sterne s\u00e4mtlicher Flaggen der Welt &#8211; gesammelt zu einem Geschenkpapierbogen. V\u00f6lkerverbindend. Wunderbar.<\/p>\n","protected":false},"excerpt":{"rendered":"<p>Eine sehr sch\u00f6ne Idee im Zeit Magazin. Sonne, Mond und Sterne s\u00e4mtlicher Flaggen der Welt &#8211; gesammelt zu einem Geschenkpapierbogen. V\u00f6lkerverbindend. Wunderbar.<\/p>\n","protected":false},"author":1,"featured_media":0,"comment_status":"open","ping_status":"open","sticky":false,"template":"","format":"standard","meta":{"footnotes":""},"categories":[608],"tags":[675],"class_list":["post-28167","post","type-post","status-publish","format-standard","hentry","category-around-us","tag-zeit-magazin-en"],"_links":{"self":[{"href":"https:\/\/www.saegenvier.at\/en\/wp-json\/wp\/v2\/posts\/28167","targetHints":{"allow":["GET"]}}],"collection":[{"href":"https:\/\/www.saegenvier.at\/en\/wp-json\/wp\/v2\/posts"}],"about":[{"href":"https:\/\/www.saegenvier.at\/en\/wp-json\/wp\/v2\/types\/post"}],"author":[{"embeddable":true,"href":"https:\/\/www.saegenvier.at\/en\/wp-json\/wp\/v2\/users\/1"}],"replies":[{"embeddable":true,"href":"https:\/\/www.saegenvier.at\/en\/wp-json\/wp\/v2\/comments?post=28167"}],"version-history":[{"count":0,"href":"https:\/\/www.saegenvier.at\/en\/wp-json\/wp\/v2\/posts\/28167\/revisions"}],"wp:attachment":[{"href":"https:\/\/www.saegenvier.at\/en\/wp-json\/wp\/v2\/media?parent=28167"}],"wp:term":[{"taxonomy":"category","embeddable":true,"href":"https:\/\/www.saegenvier.at\/en\/wp-json\/wp\/v2\/categories?post=28167"},{"taxonomy":"post_tag","embeddable":true,"href":"https:\/\/www.saegenvier.at\/en\/wp-json\/wp\/v2\/tags?post=28167"}],"curies":[{"name":"wp","href":"https:\/\/api.w.org\/{rel}","templated":true}]}}