{"id":28177,"date":"2012-11-16T18:37:52","date_gmt":"2012-11-16T17:37:52","guid":{"rendered":"https:\/\/www.saegenvier.at\/schulerplakate"},"modified":"2012-11-16T18:37:52","modified_gmt":"2012-11-16T17:37:52","slug":"schulerplakate","status":"publish","type":"post","link":"https:\/\/www.saegenvier.at\/en\/schulerplakate","title":{"rendered":"Sch\u00fclerplakate"},"content":{"rendered":"<p>Meine Frau Gerda hat mich auf die Idee gebracht. Wir haben bei den Sch\u00fclerInnen der Volksschulen Buchstaben in zahlreichen Techniken bestellt und dann haben Sabine Sowieja, Ylene Dona, Selina Alge und ich je ein Plakat mit ausgew\u00e4hlten Spr\u00fcchen der Klasse gestaltet. Im Designforum Vorarlberg wurden die 4 Plakate mitten unter die 100bestenPlakate geh\u00e4ngt und es gab eine sch\u00f6ne Finissage. Danke an die Kinderk\u00fcnstler, die LehrerInnen und die Eltern und nat\u00fcrlich dem designforum f\u00fcr die Initiative und das tolle Engagement.<\/p>\n","protected":false},"excerpt":{"rendered":"<p>Meine Frau Gerda hat mich auf die Idee gebracht. Wir haben bei den Sch\u00fclerInnen der Volksschulen Buchstaben in zahlreichen Techniken bestellt und dann haben Sabine Sowieja, Ylene Dona, Selina Alge und ich je ein Plakat mit ausgew\u00e4hlten Spr\u00fcchen der Klasse gestaltet. Im Designforum Vorarlberg wurden die 4 Plakate mitten unter die 100bestenPlakate geh\u00e4ngt und es [&hellip;]<\/p>\n","protected":false},"author":1,"featured_media":0,"comment_status":"open","ping_status":"open","sticky":false,"template":"","format":"standard","meta":{"footnotes":""},"categories":[606,600,602],"tags":[682,628,683,684],"class_list":["post-28177","post","type-post","status-publish","format-standard","hentry","category-education","category-posters","category-social-commitment","tag-100besteplakate-en","tag-plakat-en","tag-typografie-en","tag-volksschule-dornbirn-markt-en"],"_links":{"self":[{"href":"https:\/\/www.saegenvier.at\/en\/wp-json\/wp\/v2\/posts\/28177","targetHints":{"allow":["GET"]}}],"collection":[{"href":"https:\/\/www.saegenvier.at\/en\/wp-json\/wp\/v2\/posts"}],"about":[{"href":"https:\/\/www.saegenvier.at\/en\/wp-json\/wp\/v2\/types\/post"}],"author":[{"embeddable":true,"href":"https:\/\/www.saegenvier.at\/en\/wp-json\/wp\/v2\/users\/1"}],"replies":[{"embeddable":true,"href":"https:\/\/www.saegenvier.at\/en\/wp-json\/wp\/v2\/comments?post=28177"}],"version-history":[{"count":0,"href":"https:\/\/www.saegenvier.at\/en\/wp-json\/wp\/v2\/posts\/28177\/revisions"}],"wp:attachment":[{"href":"https:\/\/www.saegenvier.at\/en\/wp-json\/wp\/v2\/media?parent=28177"}],"wp:term":[{"taxonomy":"category","embeddable":true,"href":"https:\/\/www.saegenvier.at\/en\/wp-json\/wp\/v2\/categories?post=28177"},{"taxonomy":"post_tag","embeddable":true,"href":"https:\/\/www.saegenvier.at\/en\/wp-json\/wp\/v2\/tags?post=28177"}],"curies":[{"name":"wp","href":"https:\/\/api.w.org\/{rel}","templated":true}]}}