{"id":28185,"date":"2012-11-03T17:17:51","date_gmt":"2012-11-03T16:17:51","guid":{"rendered":"https:\/\/www.saegenvier.at\/erlebnis-rankweil-corporate-design"},"modified":"2012-11-03T17:17:51","modified_gmt":"2012-11-03T16:17:51","slug":"erlebnis-rankweil-corporate-design","status":"publish","type":"post","link":"https:\/\/www.saegenvier.at\/en\/erlebnis-rankweil-corporate-design","title":{"rendered":"Erlebnis Rankweil Corporate Design"},"content":{"rendered":"<p>Mit Carolin Frey durften wir das neue CD nach mehreren Anl\u00e4ufen gestalten. Erlebnis Rankweil als Branding f\u00fcr die Gemeinde. Cornelia Wolf hat diese feine Aufgabe souver\u00e4n \u00fcbernommen und umgesetzt. Und die Kommunikationsmittel der n\u00e4chsten Monate folgen.<\/p>\n","protected":false},"excerpt":{"rendered":"<p>Mit Carolin Frey durften wir das neue CD nach mehreren Anl\u00e4ufen gestalten. Erlebnis Rankweil als Branding f\u00fcr die Gemeinde. Cornelia Wolf hat diese feine Aufgabe souver\u00e4n \u00fcbernommen und umgesetzt. Und die Kommunikationsmittel der n\u00e4chsten Monate folgen.<\/p>\n","protected":false},"author":1,"featured_media":0,"comment_status":"open","ping_status":"open","sticky":false,"template":"","format":"standard","meta":{"footnotes":""},"categories":[593,594,609],"tags":[635],"class_list":["post-28185","post","type-post","status-publish","format-standard","hentry","category-corporate-designbrand","category-designkommunikation-en","category-work","tag-erlebnis-rankweil-en"],"_links":{"self":[{"href":"https:\/\/www.saegenvier.at\/en\/wp-json\/wp\/v2\/posts\/28185","targetHints":{"allow":["GET"]}}],"collection":[{"href":"https:\/\/www.saegenvier.at\/en\/wp-json\/wp\/v2\/posts"}],"about":[{"href":"https:\/\/www.saegenvier.at\/en\/wp-json\/wp\/v2\/types\/post"}],"author":[{"embeddable":true,"href":"https:\/\/www.saegenvier.at\/en\/wp-json\/wp\/v2\/users\/1"}],"replies":[{"embeddable":true,"href":"https:\/\/www.saegenvier.at\/en\/wp-json\/wp\/v2\/comments?post=28185"}],"version-history":[{"count":0,"href":"https:\/\/www.saegenvier.at\/en\/wp-json\/wp\/v2\/posts\/28185\/revisions"}],"wp:attachment":[{"href":"https:\/\/www.saegenvier.at\/en\/wp-json\/wp\/v2\/media?parent=28185"}],"wp:term":[{"taxonomy":"category","embeddable":true,"href":"https:\/\/www.saegenvier.at\/en\/wp-json\/wp\/v2\/categories?post=28185"},{"taxonomy":"post_tag","embeddable":true,"href":"https:\/\/www.saegenvier.at\/en\/wp-json\/wp\/v2\/tags?post=28185"}],"curies":[{"name":"wp","href":"https:\/\/api.w.org\/{rel}","templated":true}]}}