{"id":28186,"date":"2012-10-10T20:25:32","date_gmt":"2012-10-10T19:25:32","guid":{"rendered":"https:\/\/www.saegenvier.at\/100-jahre-fc-dornbirn"},"modified":"2012-10-10T20:25:32","modified_gmt":"2012-10-10T19:25:32","slug":"100-jahre-fc-dornbirn","status":"publish","type":"post","link":"https:\/\/www.saegenvier.at\/en\/100-jahre-fc-dornbirn","title":{"rendered":"100 Jahre FC Dornbirn Spielplan"},"content":{"rendered":"<p>Max Morgenthal gestaltet die Kommunikationsmittel f\u00fcr diesen Event. N\u00e4chstes Jahr im Juni ist das gro\u00dfe Fest. Wir freuen uns schon darauf.<\/p>\n","protected":false},"excerpt":{"rendered":"<p>Max Morgenthal gestaltet die Kommunikationsmittel f\u00fcr diesen Event. N\u00e4chstes Jahr im Juni ist das gro\u00dfe Fest. Wir freuen uns schon darauf.<\/p>\n","protected":false},"author":1,"featured_media":0,"comment_status":"open","ping_status":"open","sticky":false,"template":"","format":"standard","meta":{"footnotes":""},"categories":[594,602,609],"tags":[638],"class_list":["post-28186","post","type-post","status-publish","format-standard","hentry","category-designkommunikation-en","category-social-commitment","category-work","tag-fc-dornbirn-en"],"_links":{"self":[{"href":"https:\/\/www.saegenvier.at\/en\/wp-json\/wp\/v2\/posts\/28186","targetHints":{"allow":["GET"]}}],"collection":[{"href":"https:\/\/www.saegenvier.at\/en\/wp-json\/wp\/v2\/posts"}],"about":[{"href":"https:\/\/www.saegenvier.at\/en\/wp-json\/wp\/v2\/types\/post"}],"author":[{"embeddable":true,"href":"https:\/\/www.saegenvier.at\/en\/wp-json\/wp\/v2\/users\/1"}],"replies":[{"embeddable":true,"href":"https:\/\/www.saegenvier.at\/en\/wp-json\/wp\/v2\/comments?post=28186"}],"version-history":[{"count":0,"href":"https:\/\/www.saegenvier.at\/en\/wp-json\/wp\/v2\/posts\/28186\/revisions"}],"wp:attachment":[{"href":"https:\/\/www.saegenvier.at\/en\/wp-json\/wp\/v2\/media?parent=28186"}],"wp:term":[{"taxonomy":"category","embeddable":true,"href":"https:\/\/www.saegenvier.at\/en\/wp-json\/wp\/v2\/categories?post=28186"},{"taxonomy":"post_tag","embeddable":true,"href":"https:\/\/www.saegenvier.at\/en\/wp-json\/wp\/v2\/tags?post=28186"}],"curies":[{"name":"wp","href":"https:\/\/api.w.org\/{rel}","templated":true}]}}