{"id":28190,"date":"2012-09-17T15:15:19","date_gmt":"2012-09-17T13:15:19","guid":{"rendered":"https:\/\/www.saegenvier.at\/medienbibliothek-online"},"modified":"2012-09-17T15:15:19","modified_gmt":"2012-09-17T13:15:19","slug":"medienbibliothek-online","status":"publish","type":"post","link":"https:\/\/www.saegenvier.at\/en\/medienbibliothek-online","title":{"rendered":"Eselsohren 2.0"},"content":{"rendered":"<p>Monika Schnitzbauer hat die Kommunikationskampagne f\u00fcr die Einf\u00fchrung der Mediathek Vorarlberg getextet und gestaltet. Salopp und smart. Prima Arbeit. Und B\u00fccher im Netz? Hauptsache es wird gelesen&#8230; <a href=\"http:\/\/www.mediathek-vorarlberg.at\">www.mediathek-vorarlberg.at<\/a><\/p>\n","protected":false},"excerpt":{"rendered":"<p>Monika Schnitzbauer hat die Kommunikationskampagne f\u00fcr die Einf\u00fchrung der Mediathek Vorarlberg getextet und gestaltet. Salopp und smart. Prima Arbeit. Und B\u00fccher im Netz? Hauptsache es wird gelesen&#8230; www.mediathek-vorarlberg.at<\/p>\n","protected":false},"author":1,"featured_media":0,"comment_status":"open","ping_status":"open","sticky":false,"template":"","format":"standard","meta":{"footnotes":""},"categories":[599,594,598,609],"tags":[627,628],"class_list":["post-28190","post","type-post","status-publish","format-standard","hentry","category-campaigns","category-designkommunikation-en","category-illustration-en","category-work","tag-bibliotheken-vorarlberg-en","tag-plakat-en"],"_links":{"self":[{"href":"https:\/\/www.saegenvier.at\/en\/wp-json\/wp\/v2\/posts\/28190","targetHints":{"allow":["GET"]}}],"collection":[{"href":"https:\/\/www.saegenvier.at\/en\/wp-json\/wp\/v2\/posts"}],"about":[{"href":"https:\/\/www.saegenvier.at\/en\/wp-json\/wp\/v2\/types\/post"}],"author":[{"embeddable":true,"href":"https:\/\/www.saegenvier.at\/en\/wp-json\/wp\/v2\/users\/1"}],"replies":[{"embeddable":true,"href":"https:\/\/www.saegenvier.at\/en\/wp-json\/wp\/v2\/comments?post=28190"}],"version-history":[{"count":0,"href":"https:\/\/www.saegenvier.at\/en\/wp-json\/wp\/v2\/posts\/28190\/revisions"}],"wp:attachment":[{"href":"https:\/\/www.saegenvier.at\/en\/wp-json\/wp\/v2\/media?parent=28190"}],"wp:term":[{"taxonomy":"category","embeddable":true,"href":"https:\/\/www.saegenvier.at\/en\/wp-json\/wp\/v2\/categories?post=28190"},{"taxonomy":"post_tag","embeddable":true,"href":"https:\/\/www.saegenvier.at\/en\/wp-json\/wp\/v2\/tags?post=28190"}],"curies":[{"name":"wp","href":"https:\/\/api.w.org\/{rel}","templated":true}]}}